{"id":10040,"date":"2021-02-03T16:59:35","date_gmt":"2021-02-03T15:59:35","guid":{"rendered":"https:\/\/www.abd.es\/?p=18003"},"modified":"2023-11-30T17:24:49","modified_gmt":"2023-11-30T16:24:49","slug":"webinar-la-solucion-para-la-continuidad-empresarial-en-la-nube-18-de-febrero-a-las-1230h","status":"publish","type":"post","link":"https:\/\/www.abd.es\/en\/2021\/02\/webinar-la-solucion-para-la-continuidad-empresarial-en-la-nube-18-de-febrero-a-las-1230h\/","title":{"rendered":"Webinar &#8211; La soluci\u00f3n para la continuidad empresarial en la nube &#8211; 18 de febrero a las 12:30h"},"content":{"rendered":"<p style=\"text-align: center;\"><strong><span style=\"font-size: 18pt;\">\u00bfCrees que tu empresa podr\u00e1 hacer frente a un \u00abaccidente\u00bb relacionado con la p\u00e9rdida de datos?<\/span><\/strong><\/p>\n<p>&nbsp;<\/p>\n<p><img fetchpriority=\"high\" decoding=\"async\" class=\"aligncenter wp-image-18000 size-full\" src=\"https:\/\/www.abd.es\/wp-content\/uploads\/2021\/02\/azure.png\" alt=\"https:\/\/forms.office.com\/Pages\/ResponsePage.aspx?id=Fz0dRRmF30Kpr3i-I_pyfegC8A9r8-lCpHbK7rvgJ0NURVdVRVBIRjhEVldFRzg4SzJIUkY2RUc1US4u\" width=\"959\" height=\"532\" \/><\/p>\n<p><a href=\"https:\/\/forms.office.com\/Pages\/ResponsePage.aspx?id=Fz0dRRmF30Kpr3i-I_pyfegC8A9r8-lCpHbK7rvgJ0NURVdVRVBIRjhEVldFRzg4SzJIUkY2RUc1US4u\"><img decoding=\"async\" class=\"aligncenter wp-image-18001\" src=\"https:\/\/www.abd.es\/wp-content\/uploads\/2021\/02\/ins.png\" alt=\"https:\/\/forms.office.com\/Pages\/ResponsePage.aspx?id=Fz0dRRmF30Kpr3i-I_pyfegC8A9r8-lCpHbK7rvgJ0NURVdVRVBIRjhEVldFRzg4SzJIUkY2RUc1US4u\" width=\"576\" height=\"114\" \/><\/a><\/p>\n<p style=\"text-align: center;\"><span style=\"font-size: 14pt;\"><b><strong>\u00bfQu\u00e9 pasa si se da una cat\u00e1strofe natural en tu empresa y tus datos corren peligro?<\/strong><\/b><\/span><\/p>\n<p>&nbsp;<\/p>\n<p style=\"text-align: justify;\"><span style=\"font-size: 14pt;\">La continuidad empresarial es el mayor desaf\u00edo al que te tendr\u00e1s que enfrentar si no cuentas con una buena estrategia de copias de seguridad. Para ello, te invitamos a asistir a nuestro pr\u00f3ximo webinar: <b><strong>\u00abLa soluci\u00f3n para la continuidad empresarial en la nube<\/strong><\/b>\u00bb donde durante 45 minutos trataremos los siguientes temas.<\/span><\/p>\n<p>&nbsp;<\/p>\n<ol>\n<li style=\"list-style-type: none;\">\n<ol>\n<li style=\"line-height: normal; padding-left: 40px; text-align: left;\"><span style=\"font-size: 14pt;\"> El desaf\u00edo de la continuidad del Negocio.<\/span><\/li>\n<li style=\"line-height: normal; padding-left: 40px; text-align: left;\"><span style=\"font-size: 14pt;\"> Visi\u00f3n sobre la Nube H\u00edbrida.<\/span><\/li>\n<li style=\"line-height: normal; padding-left: 40px; text-align: left;\"><span style=\"font-size: 14pt;\"> \u00bfQu\u00e9 es Azure?<\/span><\/li>\n<li style=\"line-height: normal; padding-left: 40px; text-align: left;\"><span style=\"font-size: 14pt;\"> Recuperaci\u00f3n y migraci\u00f3n a Azure.<\/span><\/li>\n<li style=\"line-height: normal; padding-left: 40px; text-align: left;\"><span style=\"font-size: 14pt;\"> Azure Site Recovery.<\/span><\/li>\n<li style=\"line-height: normal; padding-left: 40px; text-align: left;\"><span style=\"font-size: 14pt;\"> Demo de Azure Site Recovery.<\/span><\/li>\n<\/ol>\n<\/li>\n<\/ol>\n<p>&nbsp;<\/p>\n<hr \/>\n<p align=\"center\"><img decoding=\"async\" id=\"_x0000_i1025\" class=\"alignnone\" style=\"font-family: 'Century Gothic', sans-serif; font-size: 11px;\" src=\"http:\/\/www.pandasecurity.com\/emailhtml\/1910-WEBINAR-IMG\/hora.jpg\" width=\"64\" height=\"64\" border=\"0\" \/><\/p>\n<p align=\"center\"><span style=\"font-size: 18px;\"><strong><span style=\"font-family: 'Century Gothic', sans-serif; color: #666666;\">\u00bf<\/span><\/strong><\/span><strong style=\"font-size: 18px;\"><span style=\"font-family: 'Century Gothic', sans-serif; color: #666666;\">C<\/span><\/strong><strong style=\"font-size: 18px;\"><span style=\"font-family: 'Century Gothic', sans-serif; color: #666666;\">u\u00e1ndo?<\/span><\/strong><\/p>\n<p style=\"text-align: center; line-height: 16.5pt;\" align=\"center\"><span style=\"font-size: 12.0pt; font-family: 'Century Gothic',sans-serif; color: #666666;\">18 de febrero de 2021<br \/>\n12:30 h\u00a0<\/span><\/p>\n<p style=\"text-align: center; line-height: 16.5pt;\" align=\"center\"><span style=\"font-size: 12.0pt; font-family: 'Century Gothic',sans-serif; color: #666666;\"><img loading=\"lazy\" decoding=\"async\" id=\"_x0000_i1026\" src=\"http:\/\/www.pandasecurity.com\/emailhtml\/1910-WEBINAR-IMG\/ponente.jpg\" width=\"61\" height=\"61\" border=\"0\" \/><\/span><\/p>\n<p style=\"text-align: center; line-height: 16.5pt;\" align=\"center\"><span style=\"font-size: 18px;\"><strong><span style=\"font-family: 'Century Gothic', sans-serif; color: #666666;\">Speakers:<\/span><\/strong><\/span><\/p>\n<p style=\"text-align: center; line-height: 16.5pt;\" align=\"center\"><span style=\"font-size: 18px; color: #000000;\"><strong><span style=\"font-family: 'Century Gothic', sans-serif;\">\u00a0<\/span><span style=\"font-family: 'Century Gothic', sans-serif;\">Fernando Mu\u00f1oz<\/span><\/strong><\/span><\/p>\n<p style=\"text-align: center; line-height: 16.5pt;\" align=\"center\"><span style=\"color: #666666; font-family: 'Century Gothic', sans-serif; font-size: 12pt;\">Director de Sistemas en ABD<\/span><span style=\"color: #3366ff;\"><span style=\"color: black; font-family: Helvetica, sans-serif; font-size: 12pt;\">\u00a0<\/span><\/span><\/p>\n<hr \/>\n<p>&nbsp;<\/p>\n<p style=\"text-align: center;\"><strong><span style=\"color: #fa7d57; font-family: tahoma, arial, helvetica, sans-serif; font-size: 14pt;\">\u00a1\u00a1No desaproveches esta oportunidad y mant\u00e9n tus datos siempre protegidos!!<\/span><\/strong><\/p>\n<p style=\"text-align: center; line-height: 16.5pt;\" align=\"center\"><a href=\"https:\/\/forms.office.com\/Pages\/ResponsePage.aspx?id=Fz0dRRmF30Kpr3i-I_pyfegC8A9r8-lCpHbK7rvgJ0NURVdVRVBIRjhEVldFRzg4SzJIUkY2RUc1US4u\"><img loading=\"lazy\" decoding=\"async\" class=\"aligncenter wp-image-18001\" src=\"https:\/\/www.abd.es\/wp-content\/uploads\/2021\/02\/ins.png\" alt=\"https:\/\/forms.office.com\/Pages\/ResponsePage.aspx?id=Fz0dRRmF30Kpr3i-I_pyfegC8A9r8-lCpHbK7rvgJ0NURVdVRVBIRjhEVldFRzg4SzJIUkY2RUc1US4u\" width=\"511\" height=\"101\" \/><\/a><\/p>","protected":false},"excerpt":{"rendered":"<p>\u00bfCrees que tu empresa podr\u00e1 hacer frente a un \u00abaccidente\u00bb relacionado con la p\u00e9rdida de datos? &nbsp; \u00bfQu\u00e9 pasa si se da una cat\u00e1strofe natural en tu empresa y tus datos corren peligro? &nbsp; La continuidad empresarial es el mayor desaf\u00edo al que te tendr\u00e1s que enfrentar si no cuentas con una buena estrategia de [&hellip;]<\/p>\n","protected":false},"author":11,"featured_media":10041,"comment_status":"closed","ping_status":"closed","sticky":false,"template":"","format":"standard","meta":{"_uf_show_specific_survey":0,"_uf_disable_surveys":false,"footnotes":""},"categories":[88,109,1],"tags":[163,140,512,120,282,228,135,146,1524],"class_list":["post-10040","post","type-post","status-publish","format-standard","has-post-thumbnail","hentry","category-actualidad-abd","category-eventos","category-sin-categoria","tag-azure","tag-cloud","tag-datos","tag-microsoft","tag-microsoft-azure","tag-microsoft-cloud","tag-nube","tag-office-365","tag-system-recovery"],"yoast_head":"<!-- This site is optimized with the Yoast SEO plugin v27.5 - https:\/\/yoast.com\/product\/yoast-seo-wordpress\/ -->\n<title>Webinar - La soluci\u00f3n para la continuidad empresarial en la nube - 18 de febrero a las 12:30h - ABD Consultora Inform\u00e1tica<\/title>\n<meta name=\"robots\" content=\"index, follow, max-snippet:-1, max-image-preview:large, max-video-preview:-1\" \/>\n<link rel=\"canonical\" href=\"https:\/\/www.abd.es\/en\/2021\/02\/webinar-la-solucion-para-la-continuidad-empresarial-en-la-nube-18-de-febrero-a-las-1230h\/\" \/>\n<meta property=\"og:locale\" content=\"en_GB\" \/>\n<meta property=\"og:type\" content=\"article\" \/>\n<meta property=\"og:title\" content=\"Webinar - La soluci\u00f3n para la continuidad empresarial en la nube - 18 de febrero a las 12:30h - ABD Consultora Inform\u00e1tica\" \/>\n<meta property=\"og:description\" content=\"\u00bfCrees que tu empresa podr\u00e1 hacer frente a un \u00abaccidente\u00bb relacionado con la p\u00e9rdida de datos? &nbsp; \u00bfQu\u00e9 pasa si se da una cat\u00e1strofe natural en tu empresa y tus datos corren peligro? &nbsp; La continuidad empresarial es el mayor desaf\u00edo al que te tendr\u00e1s que enfrentar si no cuentas con una buena estrategia de [&hellip;]\" \/>\n<meta property=\"og:url\" content=\"https:\/\/www.abd.es\/en\/2021\/02\/webinar-la-solucion-para-la-continuidad-empresarial-en-la-nube-18-de-febrero-a-las-1230h\/\" \/>\n<meta property=\"og:site_name\" content=\"ABD Consultora Inform\u00e1tica\" \/>\n<meta property=\"article:published_time\" content=\"2021-02-03T15:59:35+00:00\" \/>\n<meta property=\"article:modified_time\" content=\"2023-11-30T16:24:49+00:00\" \/>\n<meta property=\"og:image\" content=\"https:\/\/www.abd.es\/wp-content\/uploads\/2021\/02\/logo-webinar.png\" \/>\n\t<meta property=\"og:image:width\" content=\"365\" \/>\n\t<meta property=\"og:image:height\" content=\"325\" \/>\n\t<meta property=\"og:image:type\" content=\"image\/png\" \/>\n<meta name=\"author\" content=\"ealba@abd.es\" \/>\n<meta name=\"twitter:card\" content=\"summary_large_image\" \/>\n<meta name=\"twitter:label1\" content=\"Written by\" \/>\n\t<meta name=\"twitter:data1\" content=\"ealba@abd.es\" \/>\n\t<meta name=\"twitter:label2\" content=\"Estimated reading time\" \/>\n\t<meta name=\"twitter:data2\" content=\"2 minutes\" \/>\n<script type=\"application\/ld+json\" class=\"yoast-schema-graph\">{\"@context\":\"https:\\\/\\\/schema.org\",\"@graph\":[{\"@type\":\"Article\",\"@id\":\"https:\\\/\\\/www.abd.es\\\/2021\\\/02\\\/webinar-la-solucion-para-la-continuidad-empresarial-en-la-nube-18-de-febrero-a-las-1230h\\\/#article\",\"isPartOf\":{\"@id\":\"https:\\\/\\\/www.abd.es\\\/2021\\\/02\\\/webinar-la-solucion-para-la-continuidad-empresarial-en-la-nube-18-de-febrero-a-las-1230h\\\/\"},\"author\":{\"name\":\"ealba@abd.es\",\"@id\":\"https:\\\/\\\/www.abd.es\\\/#\\\/schema\\\/person\\\/95051ddc3a54b9a651b8c9832be1a589\"},\"headline\":\"Webinar &#8211; La soluci\u00f3n para la continuidad empresarial en la nube &#8211; 18 de febrero a las 12:30h\",\"datePublished\":\"2021-02-03T15:59:35+00:00\",\"dateModified\":\"2023-11-30T16:24:49+00:00\",\"mainEntityOfPage\":{\"@id\":\"https:\\\/\\\/www.abd.es\\\/2021\\\/02\\\/webinar-la-solucion-para-la-continuidad-empresarial-en-la-nube-18-de-febrero-a-las-1230h\\\/\"},\"wordCount\":171,\"publisher\":{\"@id\":\"https:\\\/\\\/www.abd.es\\\/#organization\"},\"image\":{\"@id\":\"https:\\\/\\\/www.abd.es\\\/2021\\\/02\\\/webinar-la-solucion-para-la-continuidad-empresarial-en-la-nube-18-de-febrero-a-las-1230h\\\/#primaryimage\"},\"thumbnailUrl\":\"https:\\\/\\\/www.abd.es\\\/wp-content\\\/uploads\\\/2021\\\/02\\\/logo-webinar.png\",\"keywords\":[\"Azure\",\"Cloud\",\"datos\",\"Microsoft\",\"Microsoft Azure\",\"Microsoft Cloud\",\"Nube\",\"Office 365\",\"System Recovery\"],\"articleSection\":[\"Actualidad ABD\",\"Eventos\",\"Sin categor\u00eda\"],\"inLanguage\":\"en-GB\"},{\"@type\":\"WebPage\",\"@id\":\"https:\\\/\\\/www.abd.es\\\/2021\\\/02\\\/webinar-la-solucion-para-la-continuidad-empresarial-en-la-nube-18-de-febrero-a-las-1230h\\\/\",\"url\":\"https:\\\/\\\/www.abd.es\\\/2021\\\/02\\\/webinar-la-solucion-para-la-continuidad-empresarial-en-la-nube-18-de-febrero-a-las-1230h\\\/\",\"name\":\"Webinar - La soluci\u00f3n para la continuidad empresarial en la nube - 18 de febrero a las 12:30h - ABD Consultora Inform\u00e1tica\",\"isPartOf\":{\"@id\":\"https:\\\/\\\/www.abd.es\\\/#website\"},\"primaryImageOfPage\":{\"@id\":\"https:\\\/\\\/www.abd.es\\\/2021\\\/02\\\/webinar-la-solucion-para-la-continuidad-empresarial-en-la-nube-18-de-febrero-a-las-1230h\\\/#primaryimage\"},\"image\":{\"@id\":\"https:\\\/\\\/www.abd.es\\\/2021\\\/02\\\/webinar-la-solucion-para-la-continuidad-empresarial-en-la-nube-18-de-febrero-a-las-1230h\\\/#primaryimage\"},\"thumbnailUrl\":\"https:\\\/\\\/www.abd.es\\\/wp-content\\\/uploads\\\/2021\\\/02\\\/logo-webinar.png\",\"datePublished\":\"2021-02-03T15:59:35+00:00\",\"dateModified\":\"2023-11-30T16:24:49+00:00\",\"breadcrumb\":{\"@id\":\"https:\\\/\\\/www.abd.es\\\/2021\\\/02\\\/webinar-la-solucion-para-la-continuidad-empresarial-en-la-nube-18-de-febrero-a-las-1230h\\\/#breadcrumb\"},\"inLanguage\":\"en-GB\",\"potentialAction\":[{\"@type\":\"ReadAction\",\"target\":[\"https:\\\/\\\/www.abd.es\\\/2021\\\/02\\\/webinar-la-solucion-para-la-continuidad-empresarial-en-la-nube-18-de-febrero-a-las-1230h\\\/\"]}]},{\"@type\":\"ImageObject\",\"inLanguage\":\"en-GB\",\"@id\":\"https:\\\/\\\/www.abd.es\\\/2021\\\/02\\\/webinar-la-solucion-para-la-continuidad-empresarial-en-la-nube-18-de-febrero-a-las-1230h\\\/#primaryimage\",\"url\":\"https:\\\/\\\/www.abd.es\\\/wp-content\\\/uploads\\\/2021\\\/02\\\/logo-webinar.png\",\"contentUrl\":\"https:\\\/\\\/www.abd.es\\\/wp-content\\\/uploads\\\/2021\\\/02\\\/logo-webinar.png\",\"width\":365,\"height\":325},{\"@type\":\"BreadcrumbList\",\"@id\":\"https:\\\/\\\/www.abd.es\\\/2021\\\/02\\\/webinar-la-solucion-para-la-continuidad-empresarial-en-la-nube-18-de-febrero-a-las-1230h\\\/#breadcrumb\",\"itemListElement\":[{\"@type\":\"ListItem\",\"position\":1,\"name\":\"Portada\",\"item\":\"https:\\\/\\\/www.abd.es\\\/\"},{\"@type\":\"ListItem\",\"position\":2,\"name\":\"Webinar &#8211; La soluci\u00f3n para la continuidad empresarial en la nube &#8211; 18 de febrero a las 12:30h\"}]},{\"@type\":\"WebSite\",\"@id\":\"https:\\\/\\\/www.abd.es\\\/#website\",\"url\":\"https:\\\/\\\/www.abd.es\\\/\",\"name\":\"ABD Consultora Inform\u00e1tica\",\"description\":\"Soluciones Empresariales | Microsoft Gold Partner\",\"publisher\":{\"@id\":\"https:\\\/\\\/www.abd.es\\\/#organization\"},\"potentialAction\":[{\"@type\":\"SearchAction\",\"target\":{\"@type\":\"EntryPoint\",\"urlTemplate\":\"https:\\\/\\\/www.abd.es\\\/?s={search_term_string}\"},\"query-input\":{\"@type\":\"PropertyValueSpecification\",\"valueRequired\":true,\"valueName\":\"search_term_string\"}}],\"inLanguage\":\"en-GB\"},{\"@type\":\"Organization\",\"@id\":\"https:\\\/\\\/www.abd.es\\\/#organization\",\"name\":\"ABD Consultora Inform\u00e1tica\",\"url\":\"https:\\\/\\\/www.abd.es\\\/\",\"logo\":{\"@type\":\"ImageObject\",\"inLanguage\":\"en-GB\",\"@id\":\"https:\\\/\\\/www.abd.es\\\/#\\\/schema\\\/logo\\\/image\\\/\",\"url\":\"https:\\\/\\\/www.abd.es\\\/wp-content\\\/uploads\\\/2023\\\/09\\\/cropped-consultoria-informatica-11.png\",\"contentUrl\":\"https:\\\/\\\/www.abd.es\\\/wp-content\\\/uploads\\\/2023\\\/09\\\/cropped-consultoria-informatica-11.png\",\"width\":64,\"height\":64,\"caption\":\"ABD Consultora Inform\u00e1tica\"},\"image\":{\"@id\":\"https:\\\/\\\/www.abd.es\\\/#\\\/schema\\\/logo\\\/image\\\/\"},\"sameAs\":[\"https:\\\/\\\/www.linkedin.com\\\/company\\\/abd-consultor-a-y-soluciones-inform-ticas\\\/\"]},{\"@type\":\"Person\",\"@id\":\"https:\\\/\\\/www.abd.es\\\/#\\\/schema\\\/person\\\/95051ddc3a54b9a651b8c9832be1a589\",\"name\":\"ealba@abd.es\",\"image\":{\"@type\":\"ImageObject\",\"inLanguage\":\"en-GB\",\"@id\":\"https:\\\/\\\/www.abd.es\\\/wp-content\\\/litespeed\\\/avatar\\\/4a936204aba1b34e5ac3aed297fd3c14.jpg?ver=1777425859\",\"url\":\"https:\\\/\\\/www.abd.es\\\/wp-content\\\/litespeed\\\/avatar\\\/4a936204aba1b34e5ac3aed297fd3c14.jpg?ver=1777425859\",\"contentUrl\":\"https:\\\/\\\/www.abd.es\\\/wp-content\\\/litespeed\\\/avatar\\\/4a936204aba1b34e5ac3aed297fd3c14.jpg?ver=1777425859\",\"caption\":\"ealba@abd.es\"},\"url\":\"https:\\\/\\\/www.abd.es\\\/en\\\/author\\\/ealbaabd-es\\\/\"}]}<\/script>\n<!-- \/ Yoast SEO plugin. -->","yoast_head_json":{"title":"Webinar - La soluci\u00f3n para la continuidad empresarial en la nube - 18 de febrero a las 12:30h - ABD Consultora Inform\u00e1tica","robots":{"index":"index","follow":"follow","max-snippet":"max-snippet:-1","max-image-preview":"max-image-preview:large","max-video-preview":"max-video-preview:-1"},"canonical":"https:\/\/www.abd.es\/en\/2021\/02\/webinar-la-solucion-para-la-continuidad-empresarial-en-la-nube-18-de-febrero-a-las-1230h\/","og_locale":"en_GB","og_type":"article","og_title":"Webinar - La soluci\u00f3n para la continuidad empresarial en la nube - 18 de febrero a las 12:30h - ABD Consultora Inform\u00e1tica","og_description":"\u00bfCrees que tu empresa podr\u00e1 hacer frente a un \u00abaccidente\u00bb relacionado con la p\u00e9rdida de datos? &nbsp; \u00bfQu\u00e9 pasa si se da una cat\u00e1strofe natural en tu empresa y tus datos corren peligro? &nbsp; La continuidad empresarial es el mayor desaf\u00edo al que te tendr\u00e1s que enfrentar si no cuentas con una buena estrategia de [&hellip;]","og_url":"https:\/\/www.abd.es\/en\/2021\/02\/webinar-la-solucion-para-la-continuidad-empresarial-en-la-nube-18-de-febrero-a-las-1230h\/","og_site_name":"ABD Consultora Inform\u00e1tica","article_published_time":"2021-02-03T15:59:35+00:00","article_modified_time":"2023-11-30T16:24:49+00:00","og_image":[{"width":365,"height":325,"url":"https:\/\/www.abd.es\/wp-content\/uploads\/2021\/02\/logo-webinar.png","type":"image\/png"}],"author":"ealba@abd.es","twitter_card":"summary_large_image","twitter_misc":{"Written by":"ealba@abd.es","Estimated reading time":"2 minutes"},"schema":{"@context":"https:\/\/schema.org","@graph":[{"@type":"Article","@id":"https:\/\/www.abd.es\/2021\/02\/webinar-la-solucion-para-la-continuidad-empresarial-en-la-nube-18-de-febrero-a-las-1230h\/#article","isPartOf":{"@id":"https:\/\/www.abd.es\/2021\/02\/webinar-la-solucion-para-la-continuidad-empresarial-en-la-nube-18-de-febrero-a-las-1230h\/"},"author":{"name":"ealba@abd.es","@id":"https:\/\/www.abd.es\/#\/schema\/person\/95051ddc3a54b9a651b8c9832be1a589"},"headline":"Webinar &#8211; La soluci\u00f3n para la continuidad empresarial en la nube &#8211; 18 de febrero a las 12:30h","datePublished":"2021-02-03T15:59:35+00:00","dateModified":"2023-11-30T16:24:49+00:00","mainEntityOfPage":{"@id":"https:\/\/www.abd.es\/2021\/02\/webinar-la-solucion-para-la-continuidad-empresarial-en-la-nube-18-de-febrero-a-las-1230h\/"},"wordCount":171,"publisher":{"@id":"https:\/\/www.abd.es\/#organization"},"image":{"@id":"https:\/\/www.abd.es\/2021\/02\/webinar-la-solucion-para-la-continuidad-empresarial-en-la-nube-18-de-febrero-a-las-1230h\/#primaryimage"},"thumbnailUrl":"https:\/\/www.abd.es\/wp-content\/uploads\/2021\/02\/logo-webinar.png","keywords":["Azure","Cloud","datos","Microsoft","Microsoft Azure","Microsoft Cloud","Nube","Office 365","System Recovery"],"articleSection":["Actualidad ABD","Eventos","Sin categor\u00eda"],"inLanguage":"en-GB"},{"@type":"WebPage","@id":"https:\/\/www.abd.es\/2021\/02\/webinar-la-solucion-para-la-continuidad-empresarial-en-la-nube-18-de-febrero-a-las-1230h\/","url":"https:\/\/www.abd.es\/2021\/02\/webinar-la-solucion-para-la-continuidad-empresarial-en-la-nube-18-de-febrero-a-las-1230h\/","name":"Webinar - La soluci\u00f3n para la continuidad empresarial en la nube - 18 de febrero a las 12:30h - ABD Consultora Inform\u00e1tica","isPartOf":{"@id":"https:\/\/www.abd.es\/#website"},"primaryImageOfPage":{"@id":"https:\/\/www.abd.es\/2021\/02\/webinar-la-solucion-para-la-continuidad-empresarial-en-la-nube-18-de-febrero-a-las-1230h\/#primaryimage"},"image":{"@id":"https:\/\/www.abd.es\/2021\/02\/webinar-la-solucion-para-la-continuidad-empresarial-en-la-nube-18-de-febrero-a-las-1230h\/#primaryimage"},"thumbnailUrl":"https:\/\/www.abd.es\/wp-content\/uploads\/2021\/02\/logo-webinar.png","datePublished":"2021-02-03T15:59:35+00:00","dateModified":"2023-11-30T16:24:49+00:00","breadcrumb":{"@id":"https:\/\/www.abd.es\/2021\/02\/webinar-la-solucion-para-la-continuidad-empresarial-en-la-nube-18-de-febrero-a-las-1230h\/#breadcrumb"},"inLanguage":"en-GB","potentialAction":[{"@type":"ReadAction","target":["https:\/\/www.abd.es\/2021\/02\/webinar-la-solucion-para-la-continuidad-empresarial-en-la-nube-18-de-febrero-a-las-1230h\/"]}]},{"@type":"ImageObject","inLanguage":"en-GB","@id":"https:\/\/www.abd.es\/2021\/02\/webinar-la-solucion-para-la-continuidad-empresarial-en-la-nube-18-de-febrero-a-las-1230h\/#primaryimage","url":"https:\/\/www.abd.es\/wp-content\/uploads\/2021\/02\/logo-webinar.png","contentUrl":"https:\/\/www.abd.es\/wp-content\/uploads\/2021\/02\/logo-webinar.png","width":365,"height":325},{"@type":"BreadcrumbList","@id":"https:\/\/www.abd.es\/2021\/02\/webinar-la-solucion-para-la-continuidad-empresarial-en-la-nube-18-de-febrero-a-las-1230h\/#breadcrumb","itemListElement":[{"@type":"ListItem","position":1,"name":"Portada","item":"https:\/\/www.abd.es\/"},{"@type":"ListItem","position":2,"name":"Webinar &#8211; La soluci\u00f3n para la continuidad empresarial en la nube &#8211; 18 de febrero a las 12:30h"}]},{"@type":"WebSite","@id":"https:\/\/www.abd.es\/#website","url":"https:\/\/www.abd.es\/","name":"ABD IT Consulting","description":"Business Solutions | Microsoft Gold Partner","publisher":{"@id":"https:\/\/www.abd.es\/#organization"},"potentialAction":[{"@type":"SearchAction","target":{"@type":"EntryPoint","urlTemplate":"https:\/\/www.abd.es\/?s={search_term_string}"},"query-input":{"@type":"PropertyValueSpecification","valueRequired":true,"valueName":"search_term_string"}}],"inLanguage":"en-GB"},{"@type":"Organization","@id":"https:\/\/www.abd.es\/#organization","name":"ABD IT Consulting","url":"https:\/\/www.abd.es\/","logo":{"@type":"ImageObject","inLanguage":"en-GB","@id":"https:\/\/www.abd.es\/#\/schema\/logo\/image\/","url":"https:\/\/www.abd.es\/wp-content\/uploads\/2023\/09\/cropped-consultoria-informatica-11.png","contentUrl":"https:\/\/www.abd.es\/wp-content\/uploads\/2023\/09\/cropped-consultoria-informatica-11.png","width":64,"height":64,"caption":"ABD Consultora Inform\u00e1tica"},"image":{"@id":"https:\/\/www.abd.es\/#\/schema\/logo\/image\/"},"sameAs":["https:\/\/www.linkedin.com\/company\/abd-consultor-a-y-soluciones-inform-ticas\/"]},{"@type":"Person","@id":"https:\/\/www.abd.es\/#\/schema\/person\/95051ddc3a54b9a651b8c9832be1a589","name":"ealba@abd.es","image":{"@type":"ImageObject","inLanguage":"en-GB","@id":"https:\/\/www.abd.es\/wp-content\/litespeed\/avatar\/4a936204aba1b34e5ac3aed297fd3c14.jpg?ver=1777425859","url":"https:\/\/www.abd.es\/wp-content\/litespeed\/avatar\/4a936204aba1b34e5ac3aed297fd3c14.jpg?ver=1777425859","contentUrl":"https:\/\/www.abd.es\/wp-content\/litespeed\/avatar\/4a936204aba1b34e5ac3aed297fd3c14.jpg?ver=1777425859","caption":"ealba@abd.es"},"url":"https:\/\/www.abd.es\/en\/author\/ealbaabd-es\/"}]}},"_links":{"self":[{"href":"https:\/\/www.abd.es\/en\/wp-json\/wp\/v2\/posts\/10040","targetHints":{"allow":["GET"]}}],"collection":[{"href":"https:\/\/www.abd.es\/en\/wp-json\/wp\/v2\/posts"}],"about":[{"href":"https:\/\/www.abd.es\/en\/wp-json\/wp\/v2\/types\/post"}],"author":[{"embeddable":true,"href":"https:\/\/www.abd.es\/en\/wp-json\/wp\/v2\/users\/11"}],"replies":[{"embeddable":true,"href":"https:\/\/www.abd.es\/en\/wp-json\/wp\/v2\/comments?post=10040"}],"version-history":[{"count":0,"href":"https:\/\/www.abd.es\/en\/wp-json\/wp\/v2\/posts\/10040\/revisions"}],"wp:featuredmedia":[{"embeddable":true,"href":"https:\/\/www.abd.es\/en\/wp-json\/wp\/v2\/media\/10041"}],"wp:attachment":[{"href":"https:\/\/www.abd.es\/en\/wp-json\/wp\/v2\/media?parent=10040"}],"wp:term":[{"taxonomy":"category","embeddable":true,"href":"https:\/\/www.abd.es\/en\/wp-json\/wp\/v2\/categories?post=10040"},{"taxonomy":"post_tag","embeddable":true,"href":"https:\/\/www.abd.es\/en\/wp-json\/wp\/v2\/tags?post=10040"}],"curies":[{"name":"wp","href":"https:\/\/api.w.org\/{rel}","templated":true}]}}