{"id":30334,"date":"2025-03-04T09:20:40","date_gmt":"2025-03-04T08:20:40","guid":{"rendered":"https:\/\/www.abd.es\/?p=30334"},"modified":"2025-09-02T11:56:03","modified_gmt":"2025-09-02T09:56:03","slug":"nuevas-normativas-laborales-control-horario-y-jornada-de-375-horas","status":"publish","type":"post","link":"https:\/\/www.abd.es\/en\/2025\/03\/nuevas-normativas-laborales-control-horario-y-jornada-de-375-horas\/","title":{"rendered":"Employee time tracking and the new 37.5\u2011hour workweek"},"content":{"rendered":"\t\t<div data-elementor-type=\"wp-post\" data-elementor-id=\"30334\" class=\"elementor elementor-30334\" data-elementor-post-type=\"post\">\n\t\t\t\t<div class=\"elementor-element elementor-element-7a1b68af e-flex e-con-boxed e-con e-parent\" data-id=\"7a1b68af\" data-element_type=\"container\" data-e-type=\"container\">\n\t\t\t\t\t<div class=\"e-con-inner\">\n\t\t\t\t<div class=\"elementor-element elementor-element-6b4cdac0 elementor-widget elementor-widget-text-editor\" data-id=\"6b4cdac0\" data-element_type=\"widget\" data-e-type=\"widget\" data-widget_type=\"text-editor.default\">\n\t\t\t\t<div class=\"elementor-widget-container\">\n\t\t\t\t\t\t\t\t\t<p>La <strong>nueva ley de control horario<\/strong> y la reducci\u00f3n de la jornada laboral a 37,5 horas semanales marcan un antes y un despu\u00e9s en la gesti\u00f3n del tiempo de trabajo en Espa\u00f1a. Todas las empresas, independientemente de su tama\u00f1o, deben adaptarse a estas normativas para garantizar el cumplimiento legal y mejorar la productividad de sus equipos.<\/p><p>En este art\u00edculo te explicamos en qu\u00e9 consiste la normativa, c\u00f3mo afecta a las PYMES y qu\u00e9 soluciones existen para cumplirla de forma sencilla.<\/p><p><img fetchpriority=\"high\" decoding=\"async\" class=\"alignnone wp-image-30350 size-full\" src=\"https:\/\/www.abd.es\/wp-content\/uploads\/2025\/03\/Empresas-_21_.webp\" alt=\"Nuevas normativas laborales: control horario y jornada de 37,5 Horas\" width=\"1000\" height=\"563\" srcset=\"https:\/\/www.abd.es\/wp-content\/uploads\/2025\/03\/Empresas-_21_.webp 1000w, https:\/\/www.abd.es\/wp-content\/uploads\/2025\/03\/Empresas-_21_-300x169.webp 300w, https:\/\/www.abd.es\/wp-content\/uploads\/2025\/03\/Empresas-_21_-768x432.webp 768w\" sizes=\"(max-width: 1000px) 100vw, 1000px\" \/><\/p><h2>\u00bfQu\u00e9 dice la nueva ley de control horario?<\/h2><p>Desde 2019, el <strong>registro de jornada laboral<\/strong> es obligatorio para todas las empresas seg\u00fan lo establecido por el <a href=\"https:\/\/www.boe.es\/buscar\/doc.php?id=BOE-A-2019-3481\" target=\"_blank\" rel=\"noopener\"><strong>BOE<\/strong><\/a> y supervisado por el <strong>Ministerio de Trabajo<\/strong>. La normativa exige que las compa\u00f1\u00edas registren las horas de entrada y salida de cada empleado, incluidas las horas extraordinarias.<\/p><p>El objetivo es claro:<\/p><ul><li>Evitar abusos laborales.<\/li><li>Garantizar el derecho al descanso.<\/li><li>Facilitar la conciliaci\u00f3n laboral y familiar.<\/li><\/ul><p>No cumplir con esta obligaci\u00f3n puede suponer sanciones econ\u00f3micas importantes.<\/p><h2>Registro de jornada laboral: obligaciones de las empresas<\/h2><p>Las empresas deben:<\/p><ul><li><strong>Registrar la jornada diaria<\/strong> de cada trabajador.<\/li><li><strong>Conservar los registros durante 4 a\u00f1os.<\/strong><\/li><li><strong>Ponerlos a disposici\u00f3n de la Inspecci\u00f3n de Trabajo<\/strong> en caso de requerimiento.<\/li><\/ul><p>Esto significa que la hoja de Excel o el fichaje manual ya no son suficientes. Hoy en d\u00eda, el <a href=\"https:\/\/www.abd.es\/software-recursos-humanos\/\">software de control horario<\/a> es la soluci\u00f3n m\u00e1s pr\u00e1ctica, segura y adaptable a los convenios colectivos.<\/p><h2>Jornada laboral de 37,5 horas: impacto en las PYMES<\/h2><p>La reducci\u00f3n de la jornada laboral a <strong>37,5 horas semanales<\/strong> busca fomentar el empleo y mejorar la calidad de vida de los trabajadores.<\/p><p>Para las PYMES esto implica:<\/p><ul><li>Reorganizar turnos y horarios.<\/li><li>Adaptar contratos y convenios colectivos.<\/li><li>Ajustar herramientas de gesti\u00f3n interna.<\/li><\/ul><p>Aunque a primera vista puede parecer un reto, contar con sistemas que automaticen la planificaci\u00f3n de turnos y el control de horas ayuda a transformar esta obligaci\u00f3n en una oportunidad de mejora.<\/p><p><img decoding=\"async\" class=\"alignnone wp-image-30351 size-full\" src=\"https:\/\/www.abd.es\/wp-content\/uploads\/2025\/03\/Empresas-_22_.webp\" alt=\"Nuevas normativas laborales: control horario y jornada de 37,5 Horas\" width=\"1000\" height=\"563\" srcset=\"https:\/\/www.abd.es\/wp-content\/uploads\/2025\/03\/Empresas-_22_.webp 1000w, https:\/\/www.abd.es\/wp-content\/uploads\/2025\/03\/Empresas-_22_-300x169.webp 300w, https:\/\/www.abd.es\/wp-content\/uploads\/2025\/03\/Empresas-_22_-768x432.webp 768w\" sizes=\"(max-width: 1000px) 100vw, 1000px\" \/><\/p><h3>Beneficios en conciliaci\u00f3n laboral y familiar<\/h3><p>Uno de los grandes objetivos de la nueva normativa es <strong>favorecer la conciliaci\u00f3n<\/strong>. Con una jornada m\u00e1s reducida, los empleados disponen de m\u00e1s tiempo para su vida personal, lo que se traduce en:<\/p><ul><li>Mayor motivaci\u00f3n y productividad.<\/li><li>Reducci\u00f3n del absentismo.<\/li><li>Mejor clima laboral.<\/li><\/ul><h3>C\u00f3mo implementar el control horario con software especializado<\/h3><p>Los sistemas digitales permiten:<\/p><ul><li>Fichaje desde el m\u00f3vil o el ordenador.<\/li><li>Registro de turnos, horas extraordinarias y descansos.<\/li><li>Informes autom\u00e1ticos para auditor\u00edas.<\/li><li>Cumplimiento legal con garant\u00edas.<\/li><\/ul><p>En <a href=\"https:\/\/www.abd.es\/\"><strong>ABD Consultor\u00eda<\/strong><\/a> recomendamos soluciones tecnol\u00f3gicas que se integren con el resto de procesos de tu empresa, facilitando la <strong>transformaci\u00f3n digital<\/strong> y asegurando que siempre est\u00e9s al d\u00eda con la normativa.<\/p><h2>Conclusi\u00f3n<\/h2><p>El <strong>control horario de trabajadores<\/strong> y la <strong>jornada laboral de 37,5h<\/strong> son dos aspectos clave que toda empresa debe implementar correctamente. M\u00e1s all\u00e1 de evitar sanciones, se trata de una oportunidad para mejorar la gesti\u00f3n interna, optimizar recursos y cuidar del bienestar de los empleados.<\/p><p>Descarga nuestra <strong>Gu\u00eda sobre Control Horario y Jornada de 37,5h<\/strong> y descubre c\u00f3mo adaptar tu empresa a la nueva ley de forma sencilla y eficaz.<\/p>\t\t\t\t\t\t\t\t<\/div>\n\t\t\t\t<\/div>\n\t\t\t\t\t<\/div>\n\t\t\t\t<\/div>\n\t\t<div class=\"elementor-element elementor-element-9c221d5 e-flex e-con-boxed e-con e-parent\" data-id=\"9c221d5\" data-element_type=\"container\" data-e-type=\"container\" id=\"guianominas\" data-settings=\"{&quot;background_background&quot;:&quot;classic&quot;}\">\n\t\t\t\t\t<div class=\"e-con-inner\">\n\t\t\t\t<div class=\"elementor-element elementor-element-9547b88 elementor-widget elementor-widget-heading\" data-id=\"9547b88\" data-element_type=\"widget\" data-e-type=\"widget\" data-widget_type=\"heading.default\">\n\t\t\t\t<div class=\"elementor-widget-container\">\n\t\t\t\t\t<h2 class=\"elementor-heading-title elementor-size-default\">Descarga nuestra gu\u00eda gratuita sobre la nueva ley de control horario y reducci\u00f3n de jornada laboral<\/h2>\t\t\t\t<\/div>\n\t\t\t\t<\/div>\n\t\t\t\t<div class=\"elementor-element elementor-element-22e2ff8 elementor-widget elementor-widget-image\" data-id=\"22e2ff8\" data-element_type=\"widget\" data-e-type=\"widget\" data-widget_type=\"image.default\">\n\t\t\t\t<div class=\"elementor-widget-container\">\n\t\t\t\t\t\t\t\t\t\t\t\t\t\t\t<img decoding=\"async\" width=\"800\" height=\"450\" src=\"https:\/\/www.abd.es\/wp-content\/uploads\/2025\/03\/Empresas-_23_.webp\" class=\"attachment-large size-large wp-image-30352\" alt=\"\" srcset=\"https:\/\/www.abd.es\/wp-content\/uploads\/2025\/03\/Empresas-_23_.webp 1000w, https:\/\/www.abd.es\/wp-content\/uploads\/2025\/03\/Empresas-_23_-300x169.webp 300w, https:\/\/www.abd.es\/wp-content\/uploads\/2025\/03\/Empresas-_23_-768x432.webp 768w\" sizes=\"(max-width: 800px) 100vw, 800px\" \/>\t\t\t\t\t\t\t\t\t\t\t\t\t\t\t<\/div>\n\t\t\t\t<\/div>\n\t\t\t\t<div class=\"elementor-element elementor-element-c40905a elementor-widget elementor-widget-text-editor\" data-id=\"c40905a\" data-element_type=\"widget\" data-e-type=\"widget\" data-widget_type=\"text-editor.default\">\n\t\t\t\t<div class=\"elementor-widget-container\">\n\t\t\t\t\t\t\t\t\t<h3><span style=\"color: #ffffff;\"><span style=\"font-size: 16px; font-family: var( --e-global-typography-text-font-family ), Sans-serif; font-weight: 400; text-align: var(--text-align);\">Te invitamos a obtener nuestra <\/span><b style=\"font-size: 16px; font-family: var( --e-global-typography-text-font-family ), Sans-serif; text-align: var(--text-align);\">gu\u00eda gratuita sobre la nueva ley de control horario y reducci\u00f3n de jornada<\/b><span style=\"font-size: 16px; font-family: var( --e-global-typography-text-font-family ), Sans-serif; font-weight: 400; text-align: var(--text-align);\">, una herramienta \u00fatil para los encargados de recursos humanos.\u00a0<\/span><\/span><\/h3><p><span style=\"font-weight: 400; color: #ffffff;\">Con esta gu\u00eda, podr\u00e1s profundizar en esta nueva normativa que afectar\u00e1 a tu empresa en este 2025.\u00a0<\/span><\/p><p><span style=\"font-weight: 400; color: #ffffff;\">Descargarla y mejorar tus habilidades hoy mismo<\/span><\/p>\t\t\t\t\t\t\t\t<\/div>\n\t\t\t\t<\/div>\n\t\t\t\t<div class=\"elementor-element elementor-element-5ac9cce elementor-button-align-stretch elementor-widget elementor-widget-form\" data-id=\"5ac9cce\" data-element_type=\"widget\" data-e-type=\"widget\" data-settings=\"{&quot;button_width&quot;:&quot;40&quot;,&quot;step_next_label&quot;:&quot;Siguiente&quot;,&quot;step_previous_label&quot;:&quot;Anterior&quot;,&quot;step_type&quot;:&quot;number_text&quot;,&quot;step_icon_shape&quot;:&quot;circle&quot;}\" data-widget_type=\"form.default\">\n\t\t\t\t<div class=\"elementor-widget-container\">\n\t\t\t\t\t\t\t<form class=\"elementor-form\" method=\"post\" id=\"formularionuevaleycontrolhorario\" name=\"Descargable nueva ley control horario\" aria-label=\"Descargable nueva ley control horario\">\n\t\t\t<input type=\"hidden\" name=\"post_id\" value=\"30334\"\/>\n\t\t\t<input type=\"hidden\" name=\"form_id\" value=\"5ac9cce\"\/>\n\t\t\t<input type=\"hidden\" name=\"referer_title\" value=\"Control horario trabajadores y jornada 37,5h: nueva ley\" \/>\n\n\t\t\t\t\t\t\t<input type=\"hidden\" name=\"queried_id\" value=\"30334\"\/>\n\t\t\t\n\t\t\t<div class=\"elementor-form-fields-wrapper elementor-labels-above\">\n\t\t\t\t\t\t\t\t<div class=\"elementor-field-type-text elementor-field-group elementor-column elementor-field-group-name elementor-col-100 elementor-field-required\">\n\t\t\t\t\t\t\t\t\t\t\t\t\t<input size=\"1\" type=\"text\" name=\"form_fields[name]\" id=\"form-field-name\" class=\"elementor-field elementor-size-sm  elementor-field-textual\" placeholder=\"Nombre\" required=\"required\">\n\t\t\t\t\t\t\t\t\t\t\t<\/div>\n\t\t\t\t\t\t\t\t<div class=\"elementor-field-type-email elementor-field-group elementor-column elementor-field-group-email elementor-col-100 elementor-field-required\">\n\t\t\t\t\t\t\t\t\t\t\t\t\t<input size=\"1\" type=\"email\" name=\"form_fields[email]\" id=\"form-field-email\" class=\"elementor-field elementor-size-sm  elementor-field-textual\" placeholder=\"Correo electr\u00f3nico\" required=\"required\">\n\t\t\t\t\t\t\t\t\t\t\t<\/div>\n\t\t\t\t\t\t\t\t<div class=\"elementor-field-type-tel elementor-field-group elementor-column elementor-field-group-field_9a4133d elementor-col-100 elementor-field-required\">\n\t\t\t\t\t\t\t<input size=\"1\" type=\"tel\" name=\"form_fields[field_9a4133d]\" id=\"form-field-field_9a4133d\" class=\"elementor-field elementor-size-sm  elementor-field-textual\" placeholder=\"Tel\u00e9fono\" required=\"required\" pattern=\"[0-9()#&amp;+*-=.]+\" title=\"Only numbers and phone characters (#, -, *, etc) are accepted.\">\n\n\t\t\t\t\t\t<\/div>\n\t\t\t\t\t\t\t\t<div class=\"elementor-field-type-text elementor-field-group elementor-column elementor-field-group-field_8aa7ec6 elementor-col-100 elementor-field-required\">\n\t\t\t\t\t\t\t\t\t\t\t\t\t<input size=\"1\" type=\"text\" name=\"form_fields[field_8aa7ec6]\" id=\"form-field-field_8aa7ec6\" class=\"elementor-field elementor-size-sm  elementor-field-textual\" placeholder=\"Empresa\" required=\"required\">\n\t\t\t\t\t\t\t\t\t\t\t<\/div>\n\t\t\t\t\t\t\t\t<div class=\"elementor-field-group elementor-column elementor-field-type-submit elementor-col-40 e-form__buttons\">\n\t\t\t\t\t<button class=\"elementor-button elementor-size-sm elementor-animation-grow\" type=\"submit\">\n\t\t\t\t\t\t<span class=\"elementor-button-content-wrapper\">\n\t\t\t\t\t\t\t\t\t\t\t\t\t\t\t<span class=\"elementor-button-icon\">\n\t\t\t\t\t\t\t\t\t<i aria-hidden=\"true\" class=\"fas fa-file-download\"><\/i>\t\t\t\t\t\t\t\t\t\t\t\t\t\t\t\t\t<\/span>\n\t\t\t\t\t\t\t\t\t\t\t\t\t\t\t\t\t\t\t\t\t\t<span class=\"elementor-button-text\">DESCARGAR<\/span>\n\t\t\t\t\t\t\t\t\t\t\t\t\t<\/span>\n\t\t\t\t\t<\/button>\n\t\t\t\t<\/div>\n\t\t\t<\/div>\n\t\t<\/form>\n\t\t\t\t\t\t<\/div>\n\t\t\t\t<\/div>\n\t\t\t\t\t<\/div>\n\t\t\t\t<\/div>\n\t\t\t\t<\/div>\n\t\t","protected":false},"excerpt":{"rendered":"<p>La nueva ley de control horario y la reducci\u00f3n de la jornada laboral a 37,5 horas semanales marcan un antes y un despu\u00e9s en la gesti\u00f3n del tiempo de trabajo en Espa\u00f1a. Todas las empresas, independientemente de su tama\u00f1o, deben adaptarse a estas normativas para garantizar el cumplimiento legal y mejorar la productividad de sus [&hellip;]<\/p>\n","protected":false},"author":24,"featured_media":30363,"comment_status":"closed","ping_status":"closed","sticky":false,"template":"","format":"standard","meta":{"_uf_show_specific_survey":0,"_uf_disable_surveys":false,"footnotes":""},"categories":[79],"tags":[3515,3482,1264,1107,475,1109,1686],"class_list":["post-30334","post","type-post","status-publish","format-standard","has-post-thumbnail","hentry","category-articulos","tag-control-horario","tag-factorial","tag-jornada-laboral","tag-normativa","tag-recursos-humanos","tag-rrhh","tag-software"],"yoast_head":"<!-- This site is optimized with the Yoast SEO plugin v27.5 - https:\/\/yoast.com\/product\/yoast-seo-wordpress\/ -->\n<title>Control horario trabajadores y jornada 37,5h: nueva ley<\/title>\n<meta name=\"description\" content=\"Gu\u00eda sobre la nueva ley de control horario y jornada laboral de 37,5h. Cumple la normativa y optimiza la gesti\u00f3n de tu empresa.\" \/>\n<meta name=\"robots\" content=\"index, follow, max-snippet:-1, max-image-preview:large, max-video-preview:-1\" \/>\n<link rel=\"canonical\" href=\"https:\/\/www.abd.es\/en\/2025\/03\/nuevas-normativas-laborales-control-horario-y-jornada-de-375-horas\/\" \/>\n<meta property=\"og:locale\" content=\"en_GB\" \/>\n<meta property=\"og:type\" content=\"article\" \/>\n<meta property=\"og:title\" content=\"Control horario trabajadores y jornada 37,5h: nueva ley\" \/>\n<meta property=\"og:description\" content=\"Gu\u00eda sobre la nueva ley de control horario y jornada laboral de 37,5h. Cumple la normativa y optimiza la gesti\u00f3n de tu empresa.\" \/>\n<meta property=\"og:url\" content=\"https:\/\/www.abd.es\/en\/2025\/03\/nuevas-normativas-laborales-control-horario-y-jornada-de-375-horas\/\" \/>\n<meta property=\"og:site_name\" content=\"ABD Consultora Inform\u00e1tica\" \/>\n<meta property=\"article:published_time\" content=\"2025-03-04T08:20:40+00:00\" \/>\n<meta property=\"article:modified_time\" content=\"2025-09-02T09:56:03+00:00\" \/>\n<meta property=\"og:image\" content=\"https:\/\/www.abd.es\/wp-content\/uploads\/2025\/03\/Empresas-21.jpg\" \/>\n\t<meta property=\"og:image:width\" content=\"1000\" \/>\n\t<meta property=\"og:image:height\" content=\"563\" \/>\n\t<meta property=\"og:image:type\" content=\"image\/jpeg\" \/>\n<meta name=\"author\" content=\"Andr\u00e9s V\u00e1zquez Flores\" \/>\n<meta name=\"twitter:card\" content=\"summary_large_image\" \/>\n<meta name=\"twitter:label1\" content=\"Written by\" \/>\n\t<meta name=\"twitter:data1\" content=\"Andr\u00e9s V\u00e1zquez Flores\" \/>\n\t<meta name=\"twitter:label2\" content=\"Estimated reading time\" \/>\n\t<meta name=\"twitter:data2\" content=\"4 minutes\" \/>\n<script type=\"application\/ld+json\" class=\"yoast-schema-graph\">{\"@context\":\"https:\\\/\\\/schema.org\",\"@graph\":[{\"@type\":\"Article\",\"@id\":\"https:\\\/\\\/www.abd.es\\\/2025\\\/03\\\/nuevas-normativas-laborales-control-horario-y-jornada-de-375-horas\\\/#article\",\"isPartOf\":{\"@id\":\"https:\\\/\\\/www.abd.es\\\/2025\\\/03\\\/nuevas-normativas-laborales-control-horario-y-jornada-de-375-horas\\\/\"},\"author\":{\"name\":\"Andr\u00e9s V\u00e1zquez Flores\",\"@id\":\"https:\\\/\\\/www.abd.es\\\/#\\\/schema\\\/person\\\/bd3469092923b6f52814328e887e927a\"},\"headline\":\"Control horario de trabajadores y nueva jornada laboral de 37,5h\",\"datePublished\":\"2025-03-04T08:20:40+00:00\",\"dateModified\":\"2025-09-02T09:56:03+00:00\",\"mainEntityOfPage\":{\"@id\":\"https:\\\/\\\/www.abd.es\\\/2025\\\/03\\\/nuevas-normativas-laborales-control-horario-y-jornada-de-375-horas\\\/\"},\"wordCount\":622,\"publisher\":{\"@id\":\"https:\\\/\\\/www.abd.es\\\/#organization\"},\"image\":{\"@id\":\"https:\\\/\\\/www.abd.es\\\/2025\\\/03\\\/nuevas-normativas-laborales-control-horario-y-jornada-de-375-horas\\\/#primaryimage\"},\"thumbnailUrl\":\"https:\\\/\\\/www.abd.es\\\/wp-content\\\/uploads\\\/2025\\\/03\\\/Empresas-21.jpg\",\"keywords\":[\"control horario\",\"factorial\",\"Jornada Laboral\",\"Normativa\",\"Recursos Humanos\",\"RRHH\",\"Software\"],\"articleSection\":[\"Articulos\"],\"inLanguage\":\"en-GB\"},{\"@type\":\"WebPage\",\"@id\":\"https:\\\/\\\/www.abd.es\\\/2025\\\/03\\\/nuevas-normativas-laborales-control-horario-y-jornada-de-375-horas\\\/\",\"url\":\"https:\\\/\\\/www.abd.es\\\/2025\\\/03\\\/nuevas-normativas-laborales-control-horario-y-jornada-de-375-horas\\\/\",\"name\":\"Control horario trabajadores y jornada 37,5h: nueva ley\",\"isPartOf\":{\"@id\":\"https:\\\/\\\/www.abd.es\\\/#website\"},\"primaryImageOfPage\":{\"@id\":\"https:\\\/\\\/www.abd.es\\\/2025\\\/03\\\/nuevas-normativas-laborales-control-horario-y-jornada-de-375-horas\\\/#primaryimage\"},\"image\":{\"@id\":\"https:\\\/\\\/www.abd.es\\\/2025\\\/03\\\/nuevas-normativas-laborales-control-horario-y-jornada-de-375-horas\\\/#primaryimage\"},\"thumbnailUrl\":\"https:\\\/\\\/www.abd.es\\\/wp-content\\\/uploads\\\/2025\\\/03\\\/Empresas-21.jpg\",\"datePublished\":\"2025-03-04T08:20:40+00:00\",\"dateModified\":\"2025-09-02T09:56:03+00:00\",\"description\":\"Gu\u00eda sobre la nueva ley de control horario y jornada laboral de 37,5h. Cumple la normativa y optimiza la gesti\u00f3n de tu empresa.\",\"breadcrumb\":{\"@id\":\"https:\\\/\\\/www.abd.es\\\/2025\\\/03\\\/nuevas-normativas-laborales-control-horario-y-jornada-de-375-horas\\\/#breadcrumb\"},\"inLanguage\":\"en-GB\",\"potentialAction\":[{\"@type\":\"ReadAction\",\"target\":[\"https:\\\/\\\/www.abd.es\\\/2025\\\/03\\\/nuevas-normativas-laborales-control-horario-y-jornada-de-375-horas\\\/\"]}]},{\"@type\":\"ImageObject\",\"inLanguage\":\"en-GB\",\"@id\":\"https:\\\/\\\/www.abd.es\\\/2025\\\/03\\\/nuevas-normativas-laborales-control-horario-y-jornada-de-375-horas\\\/#primaryimage\",\"url\":\"https:\\\/\\\/www.abd.es\\\/wp-content\\\/uploads\\\/2025\\\/03\\\/Empresas-21.jpg\",\"contentUrl\":\"https:\\\/\\\/www.abd.es\\\/wp-content\\\/uploads\\\/2025\\\/03\\\/Empresas-21.jpg\",\"width\":1000,\"height\":563,\"caption\":\"Nuevas normativas laborales: control horario y jornada de 37,5 Horas\"},{\"@type\":\"BreadcrumbList\",\"@id\":\"https:\\\/\\\/www.abd.es\\\/2025\\\/03\\\/nuevas-normativas-laborales-control-horario-y-jornada-de-375-horas\\\/#breadcrumb\",\"itemListElement\":[{\"@type\":\"ListItem\",\"position\":1,\"name\":\"Portada\",\"item\":\"https:\\\/\\\/www.abd.es\\\/\"},{\"@type\":\"ListItem\",\"position\":2,\"name\":\"Control horario de trabajadores y nueva jornada laboral de 37,5h\"}]},{\"@type\":\"WebSite\",\"@id\":\"https:\\\/\\\/www.abd.es\\\/#website\",\"url\":\"https:\\\/\\\/www.abd.es\\\/\",\"name\":\"ABD Consultora Inform\u00e1tica\",\"description\":\"Soluciones Empresariales | Microsoft Gold Partner\",\"publisher\":{\"@id\":\"https:\\\/\\\/www.abd.es\\\/#organization\"},\"potentialAction\":[{\"@type\":\"SearchAction\",\"target\":{\"@type\":\"EntryPoint\",\"urlTemplate\":\"https:\\\/\\\/www.abd.es\\\/?s={search_term_string}\"},\"query-input\":{\"@type\":\"PropertyValueSpecification\",\"valueRequired\":true,\"valueName\":\"search_term_string\"}}],\"inLanguage\":\"en-GB\"},{\"@type\":\"Organization\",\"@id\":\"https:\\\/\\\/www.abd.es\\\/#organization\",\"name\":\"ABD Consultora Inform\u00e1tica\",\"url\":\"https:\\\/\\\/www.abd.es\\\/\",\"logo\":{\"@type\":\"ImageObject\",\"inLanguage\":\"en-GB\",\"@id\":\"https:\\\/\\\/www.abd.es\\\/#\\\/schema\\\/logo\\\/image\\\/\",\"url\":\"https:\\\/\\\/www.abd.es\\\/wp-content\\\/uploads\\\/2023\\\/09\\\/cropped-consultoria-informatica-11.png\",\"contentUrl\":\"https:\\\/\\\/www.abd.es\\\/wp-content\\\/uploads\\\/2023\\\/09\\\/cropped-consultoria-informatica-11.png\",\"width\":64,\"height\":64,\"caption\":\"ABD Consultora Inform\u00e1tica\"},\"image\":{\"@id\":\"https:\\\/\\\/www.abd.es\\\/#\\\/schema\\\/logo\\\/image\\\/\"},\"sameAs\":[\"https:\\\/\\\/www.linkedin.com\\\/company\\\/abd-consultor-a-y-soluciones-inform-ticas\\\/\"]},{\"@type\":\"Person\",\"@id\":\"https:\\\/\\\/www.abd.es\\\/#\\\/schema\\\/person\\\/bd3469092923b6f52814328e887e927a\",\"name\":\"Andr\u00e9s V\u00e1zquez Flores\",\"image\":{\"@type\":\"ImageObject\",\"inLanguage\":\"en-GB\",\"@id\":\"https:\\\/\\\/www.abd.es\\\/wp-content\\\/litespeed\\\/avatar\\\/1e2b895d874c98c700855da371c80a06.jpg?ver=1777403804\",\"url\":\"https:\\\/\\\/www.abd.es\\\/wp-content\\\/litespeed\\\/avatar\\\/1e2b895d874c98c700855da371c80a06.jpg?ver=1777403804\",\"contentUrl\":\"https:\\\/\\\/www.abd.es\\\/wp-content\\\/litespeed\\\/avatar\\\/1e2b895d874c98c700855da371c80a06.jpg?ver=1777403804\",\"caption\":\"Andr\u00e9s V\u00e1zquez Flores\"},\"description\":\"Soy profesional en Marketing Digital y Social Media en ABD Consultor\u00eda y Soluciones Inform\u00e1ticas. Ayudo a las empresas a alcanzar sus metas a trav\u00e9s de estrategias de marketing digital efectivas y una gesti\u00f3n eficiente de las redes sociales.\",\"sameAs\":[\"https:\\\/\\\/abd.es\\\/\"],\"url\":\"https:\\\/\\\/www.abd.es\\\/en\\\/author\\\/andres\\\/\"}]}<\/script>\n<!-- \/ Yoast SEO plugin. -->","yoast_head_json":{"title":"Control horario trabajadores y jornada 37,5h: nueva ley","description":"Gu\u00eda sobre la nueva ley de control horario y jornada laboral de 37,5h. Cumple la normativa y optimiza la gesti\u00f3n de tu empresa.","robots":{"index":"index","follow":"follow","max-snippet":"max-snippet:-1","max-image-preview":"max-image-preview:large","max-video-preview":"max-video-preview:-1"},"canonical":"https:\/\/www.abd.es\/en\/2025\/03\/nuevas-normativas-laborales-control-horario-y-jornada-de-375-horas\/","og_locale":"en_GB","og_type":"article","og_title":"Control horario trabajadores y jornada 37,5h: nueva ley","og_description":"Gu\u00eda sobre la nueva ley de control horario y jornada laboral de 37,5h. Cumple la normativa y optimiza la gesti\u00f3n de tu empresa.","og_url":"https:\/\/www.abd.es\/en\/2025\/03\/nuevas-normativas-laborales-control-horario-y-jornada-de-375-horas\/","og_site_name":"ABD Consultora Inform\u00e1tica","article_published_time":"2025-03-04T08:20:40+00:00","article_modified_time":"2025-09-02T09:56:03+00:00","og_image":[{"width":1000,"height":563,"url":"https:\/\/www.abd.es\/wp-content\/uploads\/2025\/03\/Empresas-21.jpg","type":"image\/jpeg"}],"author":"Andr\u00e9s V\u00e1zquez Flores","twitter_card":"summary_large_image","twitter_misc":{"Written by":"Andr\u00e9s V\u00e1zquez Flores","Estimated reading time":"4 minutes"},"schema":{"@context":"https:\/\/schema.org","@graph":[{"@type":"Article","@id":"https:\/\/www.abd.es\/2025\/03\/nuevas-normativas-laborales-control-horario-y-jornada-de-375-horas\/#article","isPartOf":{"@id":"https:\/\/www.abd.es\/2025\/03\/nuevas-normativas-laborales-control-horario-y-jornada-de-375-horas\/"},"author":{"name":"Andr\u00e9s V\u00e1zquez Flores","@id":"https:\/\/www.abd.es\/#\/schema\/person\/bd3469092923b6f52814328e887e927a"},"headline":"Control horario de trabajadores y nueva jornada laboral de 37,5h","datePublished":"2025-03-04T08:20:40+00:00","dateModified":"2025-09-02T09:56:03+00:00","mainEntityOfPage":{"@id":"https:\/\/www.abd.es\/2025\/03\/nuevas-normativas-laborales-control-horario-y-jornada-de-375-horas\/"},"wordCount":622,"publisher":{"@id":"https:\/\/www.abd.es\/#organization"},"image":{"@id":"https:\/\/www.abd.es\/2025\/03\/nuevas-normativas-laborales-control-horario-y-jornada-de-375-horas\/#primaryimage"},"thumbnailUrl":"https:\/\/www.abd.es\/wp-content\/uploads\/2025\/03\/Empresas-21.jpg","keywords":["control horario","factorial","Jornada Laboral","Normativa","Recursos Humanos","RRHH","Software"],"articleSection":["Articulos"],"inLanguage":"en-GB"},{"@type":"WebPage","@id":"https:\/\/www.abd.es\/2025\/03\/nuevas-normativas-laborales-control-horario-y-jornada-de-375-horas\/","url":"https:\/\/www.abd.es\/2025\/03\/nuevas-normativas-laborales-control-horario-y-jornada-de-375-horas\/","name":"Control horario trabajadores y jornada 37,5h: nueva ley","isPartOf":{"@id":"https:\/\/www.abd.es\/#website"},"primaryImageOfPage":{"@id":"https:\/\/www.abd.es\/2025\/03\/nuevas-normativas-laborales-control-horario-y-jornada-de-375-horas\/#primaryimage"},"image":{"@id":"https:\/\/www.abd.es\/2025\/03\/nuevas-normativas-laborales-control-horario-y-jornada-de-375-horas\/#primaryimage"},"thumbnailUrl":"https:\/\/www.abd.es\/wp-content\/uploads\/2025\/03\/Empresas-21.jpg","datePublished":"2025-03-04T08:20:40+00:00","dateModified":"2025-09-02T09:56:03+00:00","description":"Gu\u00eda sobre la nueva ley de control horario y jornada laboral de 37,5h. Cumple la normativa y optimiza la gesti\u00f3n de tu empresa.","breadcrumb":{"@id":"https:\/\/www.abd.es\/2025\/03\/nuevas-normativas-laborales-control-horario-y-jornada-de-375-horas\/#breadcrumb"},"inLanguage":"en-GB","potentialAction":[{"@type":"ReadAction","target":["https:\/\/www.abd.es\/2025\/03\/nuevas-normativas-laborales-control-horario-y-jornada-de-375-horas\/"]}]},{"@type":"ImageObject","inLanguage":"en-GB","@id":"https:\/\/www.abd.es\/2025\/03\/nuevas-normativas-laborales-control-horario-y-jornada-de-375-horas\/#primaryimage","url":"https:\/\/www.abd.es\/wp-content\/uploads\/2025\/03\/Empresas-21.jpg","contentUrl":"https:\/\/www.abd.es\/wp-content\/uploads\/2025\/03\/Empresas-21.jpg","width":1000,"height":563,"caption":"Nuevas normativas laborales: control horario y jornada de 37,5 Horas"},{"@type":"BreadcrumbList","@id":"https:\/\/www.abd.es\/2025\/03\/nuevas-normativas-laborales-control-horario-y-jornada-de-375-horas\/#breadcrumb","itemListElement":[{"@type":"ListItem","position":1,"name":"Portada","item":"https:\/\/www.abd.es\/"},{"@type":"ListItem","position":2,"name":"Control horario de trabajadores y nueva jornada laboral de 37,5h"}]},{"@type":"WebSite","@id":"https:\/\/www.abd.es\/#website","url":"https:\/\/www.abd.es\/","name":"ABD IT Consulting","description":"Business Solutions | Microsoft Gold Partner","publisher":{"@id":"https:\/\/www.abd.es\/#organization"},"potentialAction":[{"@type":"SearchAction","target":{"@type":"EntryPoint","urlTemplate":"https:\/\/www.abd.es\/?s={search_term_string}"},"query-input":{"@type":"PropertyValueSpecification","valueRequired":true,"valueName":"search_term_string"}}],"inLanguage":"en-GB"},{"@type":"Organization","@id":"https:\/\/www.abd.es\/#organization","name":"ABD IT Consulting","url":"https:\/\/www.abd.es\/","logo":{"@type":"ImageObject","inLanguage":"en-GB","@id":"https:\/\/www.abd.es\/#\/schema\/logo\/image\/","url":"https:\/\/www.abd.es\/wp-content\/uploads\/2023\/09\/cropped-consultoria-informatica-11.png","contentUrl":"https:\/\/www.abd.es\/wp-content\/uploads\/2023\/09\/cropped-consultoria-informatica-11.png","width":64,"height":64,"caption":"ABD Consultora Inform\u00e1tica"},"image":{"@id":"https:\/\/www.abd.es\/#\/schema\/logo\/image\/"},"sameAs":["https:\/\/www.linkedin.com\/company\/abd-consultor-a-y-soluciones-inform-ticas\/"]},{"@type":"Person","@id":"https:\/\/www.abd.es\/#\/schema\/person\/bd3469092923b6f52814328e887e927a","name":"Andr\u00e9s V\u00e1zquez Flores","image":{"@type":"ImageObject","inLanguage":"en-GB","@id":"https:\/\/www.abd.es\/wp-content\/litespeed\/avatar\/1e2b895d874c98c700855da371c80a06.jpg?ver=1777403804","url":"https:\/\/www.abd.es\/wp-content\/litespeed\/avatar\/1e2b895d874c98c700855da371c80a06.jpg?ver=1777403804","contentUrl":"https:\/\/www.abd.es\/wp-content\/litespeed\/avatar\/1e2b895d874c98c700855da371c80a06.jpg?ver=1777403804","caption":"Andr\u00e9s V\u00e1zquez Flores"},"description":"Soy profesional en Marketing Digital y Social Media en ABD Consultor\u00eda y Soluciones Inform\u00e1ticas. Ayudo a las empresas a alcanzar sus metas a trav\u00e9s de estrategias de marketing digital efectivas y una gesti\u00f3n eficiente de las redes sociales.","sameAs":["https:\/\/abd.es\/"],"url":"https:\/\/www.abd.es\/en\/author\/andres\/"}]}},"_links":{"self":[{"href":"https:\/\/www.abd.es\/en\/wp-json\/wp\/v2\/posts\/30334","targetHints":{"allow":["GET"]}}],"collection":[{"href":"https:\/\/www.abd.es\/en\/wp-json\/wp\/v2\/posts"}],"about":[{"href":"https:\/\/www.abd.es\/en\/wp-json\/wp\/v2\/types\/post"}],"author":[{"embeddable":true,"href":"https:\/\/www.abd.es\/en\/wp-json\/wp\/v2\/users\/24"}],"replies":[{"embeddable":true,"href":"https:\/\/www.abd.es\/en\/wp-json\/wp\/v2\/comments?post=30334"}],"version-history":[{"count":31,"href":"https:\/\/www.abd.es\/en\/wp-json\/wp\/v2\/posts\/30334\/revisions"}],"predecessor-version":[{"id":32352,"href":"https:\/\/www.abd.es\/en\/wp-json\/wp\/v2\/posts\/30334\/revisions\/32352"}],"wp:featuredmedia":[{"embeddable":true,"href":"https:\/\/www.abd.es\/en\/wp-json\/wp\/v2\/media\/30363"}],"wp:attachment":[{"href":"https:\/\/www.abd.es\/en\/wp-json\/wp\/v2\/media?parent=30334"}],"wp:term":[{"taxonomy":"category","embeddable":true,"href":"https:\/\/www.abd.es\/en\/wp-json\/wp\/v2\/categories?post=30334"},{"taxonomy":"post_tag","embeddable":true,"href":"https:\/\/www.abd.es\/en\/wp-json\/wp\/v2\/tags?post=30334"}],"curies":[{"name":"wp","href":"https:\/\/api.w.org\/{rel}","templated":true}]}}