{"id":31782,"date":"2025-07-03T08:45:58","date_gmt":"2025-07-03T06:45:58","guid":{"rendered":"https:\/\/www.abd.es\/?p=31782"},"modified":"2025-07-03T08:45:58","modified_gmt":"2025-07-03T06:45:58","slug":"guia-control-horario-empresa-2025","status":"publish","type":"post","link":"https:\/\/www.abd.es\/en\/2025\/07\/guia-control-horario-empresa-2025\/","title":{"rendered":"Time Tracking Guide 2025: Everything You Need to Know"},"content":{"rendered":"\t\t<div data-elementor-type=\"wp-post\" data-elementor-id=\"31782\" class=\"elementor elementor-31782\" data-elementor-post-type=\"post\">\n\t\t\t\t<div class=\"elementor-element elementor-element-47a07aa9 e-flex e-con-boxed e-con e-parent\" data-id=\"47a07aa9\" data-element_type=\"container\" data-e-type=\"container\">\n\t\t\t\t\t<div class=\"e-con-inner\">\n\t\t\t\t<div class=\"elementor-element elementor-element-3917a4a elementor-widget elementor-widget-text-editor\" data-id=\"3917a4a\" data-element_type=\"widget\" data-e-type=\"widget\" data-widget_type=\"text-editor.default\">\n\t\t\t\t<div class=\"elementor-widget-container\">\n\t\t\t\t\t\t\t\t\t<p>El control horario sigue siendo una de las obligaciones m\u00e1s importantes para las empresas en Espa\u00f1a. A pesar de que su implantaci\u00f3n fue obligatoria desde 2019, a\u00fan hoy muchas organizaciones tienen dudas sobre c\u00f3mo aplicarlo correctamente, especialmente en contextos de teletrabajo o modelos h\u00edbridos.<\/p><p>Desde <a href=\"https:\/\/www.abd.es\/\">ABD Consultor\u00eda<\/a>, como partner oficial de <a href=\"https:\/\/www.abd.es\/software-recursos-humanos\/\">Factorial<\/a> y especialistas en soluciones de digitalizaci\u00f3n laboral, hemos preparado esta gu\u00eda pr\u00e1ctica y descargable para ayudarte a entender y aplicar correctamente el registro horario en tu empresa durante 2025.<\/p><p><img fetchpriority=\"high\" decoding=\"async\" class=\"alignnone wp-image-31783 size-full\" src=\"https:\/\/www.abd.es\/wp-content\/uploads\/2025\/07\/Empresas-2025-07-02T121850.072.webp\" alt=\"control horario en la empresa\" width=\"1000\" height=\"563\" srcset=\"https:\/\/www.abd.es\/wp-content\/uploads\/2025\/07\/Empresas-2025-07-02T121850.072.webp 1000w, https:\/\/www.abd.es\/wp-content\/uploads\/2025\/07\/Empresas-2025-07-02T121850.072-300x169.webp 300w, https:\/\/www.abd.es\/wp-content\/uploads\/2025\/07\/Empresas-2025-07-02T121850.072-768x432.webp 768w\" sizes=\"(max-width: 1000px) 100vw, 1000px\" \/><\/p><h2>\u00bfQu\u00e9 es el control horario y por qu\u00e9 sigue siendo clave en 2025?<\/h2><p>El control horario es el sistema que permite registrar las horas de inicio y fin de jornada laboral de cada trabajador. Su objetivo principal es garantizar el cumplimiento de la normativa laboral, evitar abusos en las horas extra y asegurar transparencia entre empresa y empleado.<\/p><p>Desde la publicaci\u00f3n del <a href=\"https:\/\/www.boe.es\/buscar\/doc.php?id=BOE-A-2019-3481\" target=\"_blank\" rel=\"noopener\">Real Decreto-ley 8\/2019<\/a>, todas las empresas est\u00e1n obligadas a registrar la jornada laboral de sus empleados, independientemente del tipo de contrato. Y con la consolidaci\u00f3n del teletrabajo y la jornada h\u00edbrida, la necesidad de herramientas digitales fiables se ha vuelto imprescindible.<\/p><h2>Novedades y puntos clave del control horario<\/h2><p><img decoding=\"async\" class=\"alignnone wp-image-31784 size-full\" src=\"https:\/\/www.abd.es\/wp-content\/uploads\/2025\/07\/Empresas-2025-07-02T121909.847.webp\" alt=\"control horario en la empresa\" width=\"1000\" height=\"563\" srcset=\"https:\/\/www.abd.es\/wp-content\/uploads\/2025\/07\/Empresas-2025-07-02T121909.847.webp 1000w, https:\/\/www.abd.es\/wp-content\/uploads\/2025\/07\/Empresas-2025-07-02T121909.847-300x169.webp 300w, https:\/\/www.abd.es\/wp-content\/uploads\/2025\/07\/Empresas-2025-07-02T121909.847-768x432.webp 768w\" sizes=\"(max-width: 1000px) 100vw, 1000px\" \/><\/p><h3>Registro obligatorio tambi\u00e9n en remoto<\/h3><p>El registro horario debe mantenerse incluso si el empleado trabaja desde casa. La empresa tiene que garantizar que el sistema de fichaje funcione en todos los escenarios posibles.<\/p><h3>Descansos y horas extra controladas<\/h3><p>Los descansos (caf\u00e9, comida, pausas breves) tambi\u00e9n deben reflejarse en el sistema. Las horas extraordinarias deber\u00e1n contar con autorizaci\u00f3n expresa del responsable directo.<\/p><h3>Control digital vs. fichajes en papel<\/h3><p>Aunque en algunos casos todav\u00eda se permite el fichaje manual (papel), lo recomendable es optar por un software de control horario homologado que garantice trazabilidad, seguridad y cumplimiento legal.<\/p><h3>Diferencias entre tipos de horas<\/h3><ul><li><strong>Horas extraordinarias:<\/strong> Superan la jornada pactada y deben pagarse o compensarse con descanso.<\/li><li><strong>Horas voluntarias:<\/strong> Se hacen por necesidad puntual y no pueden superar las 80 anuales.<\/li><li><strong>Horas obligatorias:<\/strong> Por causa de fuerza mayor. No computan, pero tambi\u00e9n tienen un l\u00edmite.<\/li><\/ul><p>Importante: Los menores de 18 a\u00f1os o trabajadores en horario nocturno no pueden realizar horas extra.<\/p><h2>\u00bfFichas en Excel? Es hora de dar el salto al software de control horario<\/h2><p>Muchas pymes a\u00fan registran las horas laborales en Excel. Aunque es una opci\u00f3n v\u00e1lida, no cumple con la trazabilidad ni con los requisitos de seguridad exigidos por la Inspecci\u00f3n de Trabajo.<\/p><p>Con un <a href=\"https:\/\/www.abd.es\/software-recursos-humanos\/\">software como Factorial<\/a>, todo el proceso de fichaje se automatiza, asegurando legalidad, eficiencia y transparencia.<\/p><h3>Ventajas de un software de RRHH para el control horario<\/h3><p><img decoding=\"async\" class=\"alignnone wp-image-31785 size-full\" src=\"https:\/\/www.abd.es\/wp-content\/uploads\/2025\/07\/Empresas-2025-07-02T121930.973.webp\" alt=\"control horario en la empresa\" width=\"1000\" height=\"563\" srcset=\"https:\/\/www.abd.es\/wp-content\/uploads\/2025\/07\/Empresas-2025-07-02T121930.973.webp 1000w, https:\/\/www.abd.es\/wp-content\/uploads\/2025\/07\/Empresas-2025-07-02T121930.973-300x169.webp 300w, https:\/\/www.abd.es\/wp-content\/uploads\/2025\/07\/Empresas-2025-07-02T121930.973-768x432.webp 768w\" sizes=\"(max-width: 1000px) 100vw, 1000px\" \/><\/p><ul><li>Registro desde cualquier dispositivo (PC o m\u00f3vil).<\/li><li>Fichajes geolocalizados o con rangos horarios.<\/li><li>Alertas para evitar olvidos.<\/li><li>Firma digital y gesti\u00f3n documental.<\/li><li>Monitorizaci\u00f3n en tiempo real del estado del equipo.<\/li><\/ul><h2>\u00bfC\u00f3mo aplicar correctamente el control horario en tu empresa?<\/h2><p>Te compartimos algunos consejos pr\u00e1cticos recogidos en nuestra gu\u00eda descargable:<\/p><ul><li>Define una pol\u00edtica de fichaje clara en tu manual del empleado.<\/li><li>Usa recordatorios autom\u00e1ticos para fomentar el h\u00e1bito.<\/li><li>Premia el cumplimiento con t\u00e9cnicas de gamificaci\u00f3n.<\/li><li>Consulta a tu equipo sobre dificultades con el sistema actual.<\/li><li>Implementa medidas disciplinarias graduales en casos de incumplimiento reiterado.<\/li><\/ul><p><strong>Descarga aqu\u00ed la Gu\u00eda para el Control Horario 2025<\/strong> y descubre c\u00f3mo puedes adaptar tu empresa a la normativa actual sin complicaciones.<\/p>\t\t\t\t\t\t\t\t<\/div>\n\t\t\t\t<\/div>\n\t\t<div class=\"elementor-element elementor-element-10d2f56 e-con-full e-flex e-con e-child\" data-id=\"10d2f56\" data-element_type=\"container\" data-e-type=\"container\" data-settings=\"{&quot;background_background&quot;:&quot;classic&quot;}\">\n\t\t\t\t<div class=\"elementor-element elementor-element-802ca59 elementor-widget elementor-widget-heading\" data-id=\"802ca59\" data-element_type=\"widget\" data-e-type=\"widget\" data-widget_type=\"heading.default\">\n\t\t\t\t<div class=\"elementor-widget-container\">\n\t\t\t\t\t<h3 class=\"elementor-heading-title elementor-size-default\">Descarga nuestra gu\u00eda gratuita sobre el control de horario\n<\/h3>\t\t\t\t<\/div>\n\t\t\t\t<\/div>\n\t\t\t\t<div class=\"elementor-element elementor-element-8d13362 elementor-button-align-stretch elementor-widget elementor-widget-form\" data-id=\"8d13362\" data-element_type=\"widget\" data-e-type=\"widget\" data-settings=\"{&quot;button_width&quot;:&quot;40&quot;,&quot;step_next_label&quot;:&quot;Siguiente&quot;,&quot;step_previous_label&quot;:&quot;Anterior&quot;,&quot;step_type&quot;:&quot;number_text&quot;,&quot;step_icon_shape&quot;:&quot;circle&quot;}\" data-widget_type=\"form.default\">\n\t\t\t\t<div class=\"elementor-widget-container\">\n\t\t\t\t\t\t\t<form class=\"elementor-form\" method=\"post\" id=\"formularioguiacontrolhorario\" name=\"Guia control horario\" aria-label=\"Guia control horario\">\n\t\t\t<input type=\"hidden\" name=\"post_id\" value=\"31782\"\/>\n\t\t\t<input type=\"hidden\" name=\"form_id\" value=\"8d13362\"\/>\n\t\t\t<input type=\"hidden\" name=\"referer_title\" value=\"Gu\u00eda para el control horario en la empresa en 2025\" \/>\n\n\t\t\t\t\t\t\t<input type=\"hidden\" name=\"queried_id\" value=\"31782\"\/>\n\t\t\t\n\t\t\t<div class=\"elementor-form-fields-wrapper elementor-labels-above\">\n\t\t\t\t\t\t\t\t<div class=\"elementor-field-type-text elementor-field-group elementor-column elementor-field-group-name elementor-col-100 elementor-field-required\">\n\t\t\t\t\t\t\t\t\t\t\t\t\t<input size=\"1\" type=\"text\" name=\"form_fields[name]\" id=\"form-field-name\" class=\"elementor-field elementor-size-sm  elementor-field-textual\" placeholder=\"Nombre\" required=\"required\">\n\t\t\t\t\t\t\t\t\t\t\t<\/div>\n\t\t\t\t\t\t\t\t<div class=\"elementor-field-type-email elementor-field-group elementor-column elementor-field-group-email elementor-col-100 elementor-field-required\">\n\t\t\t\t\t\t\t\t\t\t\t\t\t<input size=\"1\" type=\"email\" name=\"form_fields[email]\" id=\"form-field-email\" class=\"elementor-field elementor-size-sm  elementor-field-textual\" placeholder=\"Correo electr\u00f3nico\" required=\"required\">\n\t\t\t\t\t\t\t\t\t\t\t<\/div>\n\t\t\t\t\t\t\t\t<div class=\"elementor-field-type-tel elementor-field-group elementor-column elementor-field-group-field_9a4133d elementor-col-100 elementor-field-required\">\n\t\t\t\t\t\t\t<input size=\"1\" type=\"tel\" name=\"form_fields[field_9a4133d]\" id=\"form-field-field_9a4133d\" class=\"elementor-field elementor-size-sm  elementor-field-textual\" placeholder=\"Tel\u00e9fono\" required=\"required\" pattern=\"[0-9()#&amp;+*-=.]+\" title=\"Solo se aceptan n\u00fameros y caracteres de tel\u00e9fono (#,-,*,etc).\">\n\n\t\t\t\t\t\t<\/div>\n\t\t\t\t\t\t\t\t<div class=\"elementor-field-type-text elementor-field-group elementor-column elementor-field-group-field_8aa7ec6 elementor-col-100 elementor-field-required\">\n\t\t\t\t\t\t\t\t\t\t\t\t\t<input size=\"1\" type=\"text\" name=\"form_fields[field_8aa7ec6]\" id=\"form-field-field_8aa7ec6\" class=\"elementor-field elementor-size-sm  elementor-field-textual\" placeholder=\"Empresa\" required=\"required\">\n\t\t\t\t\t\t\t\t\t\t\t<\/div>\n\t\t\t\t\t\t\t\t<div class=\"elementor-field-group elementor-column elementor-field-type-submit elementor-col-40 e-form__buttons\">\n\t\t\t\t\t<button class=\"elementor-button elementor-size-sm elementor-animation-grow\" type=\"submit\">\n\t\t\t\t\t\t<span class=\"elementor-button-content-wrapper\">\n\t\t\t\t\t\t\t\t\t\t\t\t\t\t\t<span class=\"elementor-button-icon\">\n\t\t\t\t\t\t\t\t\t<i aria-hidden=\"true\" class=\"fas fa-file-download\"><\/i>\t\t\t\t\t\t\t\t\t\t\t\t\t\t\t\t\t<\/span>\n\t\t\t\t\t\t\t\t\t\t\t\t\t\t\t\t\t\t\t\t\t\t<span class=\"elementor-button-text\">DESCARGAR<\/span>\n\t\t\t\t\t\t\t\t\t\t\t\t\t<\/span>\n\t\t\t\t\t<\/button>\n\t\t\t\t<\/div>\n\t\t\t<\/div>\n\t\t<\/form>\n\t\t\t\t\t\t<\/div>\n\t\t\t\t<\/div>\n\t\t\t\t<\/div>\n\t\t\t\t<div class=\"elementor-element elementor-element-e24eb0c elementor-widget elementor-widget-text-editor\" data-id=\"e24eb0c\" data-element_type=\"widget\" data-e-type=\"widget\" data-widget_type=\"text-editor.default\">\n\t\t\t\t<div class=\"elementor-widget-container\">\n\t\t\t\t\t\t\t\t\t<h2>ABD Consultor\u00eda: expertos en digitalizaci\u00f3n del control horario<\/h2><p><img decoding=\"async\" src=\"https:\/\/www.abd.es\/wp-content\/uploads\/2024\/04\/47-1024x576.webp\" alt=\"ABD Consultor\u00eda y Soluciones Inform\u00e1ticas\" \/><\/p><p>En <a href=\"https:\/\/www.abd.es\/\"><strong>ABD Consultor\u00eda y Soluciones Inform\u00e1ticas<\/strong><\/a>, somos partner de Factorial y contamos con m\u00e1s de 30 a\u00f1os ayudando a las empresas a modernizar sus procesos internos. Si necesitas implementar un sistema de fichaje homologado y adaptado a tu organizaci\u00f3n, te ayudamos desde la configuraci\u00f3n hasta la formaci\u00f3n de tus equipos.<\/p><p>Pide una demo personalizada o ponte en contacto con nosotros y transforma tu manera de gestionar el tiempo laboral.<\/p>\t\t\t\t\t\t\t\t<\/div>\n\t\t\t\t<\/div>\n\t\t<div class=\"elementor-element elementor-element-4103cee e-con-full e-flex e-con e-child\" data-id=\"4103cee\" data-element_type=\"container\" data-e-type=\"container\">\n\t\t\t\t<div class=\"elementor-element elementor-element-216e95a elementor-widget elementor-widget-heading\" data-id=\"216e95a\" data-element_type=\"widget\" data-e-type=\"widget\" data-widget_type=\"heading.default\">\n\t\t\t\t<div class=\"elementor-widget-container\">\n\t\t\t\t\t<h2 class=\"elementor-heading-title elementor-size-default\">Preguntas frecuentes sobre <div> la ley de control horario<\/h2>\t\t\t\t<\/div>\n\t\t\t\t<\/div>\n\t\t\t\t<div class=\"elementor-element elementor-element-42ae31e elementor-widget elementor-widget-n-accordion\" data-id=\"42ae31e\" data-element_type=\"widget\" data-e-type=\"widget\" data-settings=\"{&quot;default_state&quot;:&quot;all_collapsed&quot;,&quot;max_items_expended&quot;:&quot;one&quot;,&quot;n_accordion_animation_duration&quot;:{&quot;unit&quot;:&quot;ms&quot;,&quot;size&quot;:400,&quot;sizes&quot;:[]}}\" data-widget_type=\"nested-accordion.default\">\n\t\t\t\t<div class=\"elementor-widget-container\">\n\t\t\t\t\t\t\t<div class=\"e-n-accordion\" aria-label=\"Accordion. Open links with Enter or Space, close with Escape, and navigate with Arrow Keys\">\n\t\t\t\t\t\t<details id=\"e-n-accordion-item-6990\" class=\"e-n-accordion-item\" >\n\t\t\t\t<summary class=\"e-n-accordion-item-title\" data-accordion-index=\"1\" tabindex=\"0\" aria-expanded=\"false\" aria-controls=\"e-n-accordion-item-6990\" >\n\t\t\t\t\t<span class='e-n-accordion-item-title-header'><div class=\"e-n-accordion-item-title-text\"> \u00bfEs obligatorio el control horario en 2025 para empresas con teletrabajo? <\/div><\/span>\n\t\t\t\t\t\t\t<span class='e-n-accordion-item-title-icon'>\n\t\t\t<span class='e-opened' ><i aria-hidden=\"true\" class=\"fas fa-minus\"><\/i><\/span>\n\t\t\t<span class='e-closed'><i aria-hidden=\"true\" class=\"fas fa-plus\"><\/i><\/span>\n\t\t<\/span>\n\n\t\t\t\t\t\t<\/summary>\n\t\t\t\t<div role=\"region\" aria-labelledby=\"e-n-accordion-item-6990\" class=\"elementor-element elementor-element-7d53239 e-con-full e-flex e-con e-child\" data-id=\"7d53239\" data-element_type=\"container\" data-e-type=\"container\">\n\t\t\t\t<div class=\"elementor-element elementor-element-13da7a5 elementor-widget elementor-widget-text-editor\" data-id=\"13da7a5\" data-element_type=\"widget\" data-e-type=\"widget\" data-widget_type=\"text-editor.default\">\n\t\t\t\t<div class=\"elementor-widget-container\">\n\t\t\t\t\t\t\t\t\t<p>S\u00ed. Seg\u00fan la normativa vigente, el registro de jornada laboral sigue siendo obligatorio en 2025, incluso si los empleados trabajan en remoto o en modelos h\u00edbridos.<\/p><p>La empresa debe garantizar un sistema de fichaje que funcione en cualquier entorno laboral.<\/p>\t\t\t\t\t\t\t\t<\/div>\n\t\t\t\t<\/div>\n\t\t\t\t<\/div>\n\t\t\t\t\t<\/details>\n\t\t\t\t\t\t<details id=\"e-n-accordion-item-6991\" class=\"e-n-accordion-item\" >\n\t\t\t\t<summary class=\"e-n-accordion-item-title\" data-accordion-index=\"2\" tabindex=\"-1\" aria-expanded=\"false\" aria-controls=\"e-n-accordion-item-6991\" >\n\t\t\t\t\t<span class='e-n-accordion-item-title-header'><div class=\"e-n-accordion-item-title-text\"> \u00bfQu\u00e9 debe incluir el registro de jornada laboral para cumplir con la ley? <\/div><\/span>\n\t\t\t\t\t\t\t<span class='e-n-accordion-item-title-icon'>\n\t\t\t<span class='e-opened' ><i aria-hidden=\"true\" class=\"fas fa-minus\"><\/i><\/span>\n\t\t\t<span class='e-closed'><i aria-hidden=\"true\" class=\"fas fa-plus\"><\/i><\/span>\n\t\t<\/span>\n\n\t\t\t\t\t\t<\/summary>\n\t\t\t\t<div role=\"region\" aria-labelledby=\"e-n-accordion-item-6991\" class=\"elementor-element elementor-element-4937d2e e-con-full e-flex e-con e-child\" data-id=\"4937d2e\" data-element_type=\"container\" data-e-type=\"container\">\n\t\t\t\t<div class=\"elementor-element elementor-element-19bbc46 elementor-widget elementor-widget-text-editor\" data-id=\"19bbc46\" data-element_type=\"widget\" data-e-type=\"widget\" data-widget_type=\"text-editor.default\">\n\t\t\t\t<div class=\"elementor-widget-container\">\n\t\t\t\t\t\t\t\t\t<p data-start=\"1160\" data-end=\"1495\">El control horario debe reflejar la hora exacta de inicio y fin de la jornada, as\u00ed como las pausas (comida, caf\u00e9, etc.).<\/p><p data-start=\"1160\" data-end=\"1495\">Tambi\u00e9n deben quedar registradas las horas extra, si las hubiera, junto con su autorizaci\u00f3n correspondiente.<\/p>\t\t\t\t\t\t\t\t<\/div>\n\t\t\t\t<\/div>\n\t\t\t\t<\/div>\n\t\t\t\t\t<\/details>\n\t\t\t\t\t\t<details id=\"e-n-accordion-item-6992\" class=\"e-n-accordion-item\" >\n\t\t\t\t<summary class=\"e-n-accordion-item-title\" data-accordion-index=\"3\" tabindex=\"-1\" aria-expanded=\"false\" aria-controls=\"e-n-accordion-item-6992\" >\n\t\t\t\t\t<span class='e-n-accordion-item-title-header'><div class=\"e-n-accordion-item-title-text\"> \u00bfEs legal utilizar Excel para el control horario de empleados? <\/div><\/span>\n\t\t\t\t\t\t\t<span class='e-n-accordion-item-title-icon'>\n\t\t\t<span class='e-opened' ><i aria-hidden=\"true\" class=\"fas fa-minus\"><\/i><\/span>\n\t\t\t<span class='e-closed'><i aria-hidden=\"true\" class=\"fas fa-plus\"><\/i><\/span>\n\t\t<\/span>\n\n\t\t\t\t\t\t<\/summary>\n\t\t\t\t<div role=\"region\" aria-labelledby=\"e-n-accordion-item-6992\" class=\"elementor-element elementor-element-686d387 e-con-full e-flex e-con e-child\" data-id=\"686d387\" data-element_type=\"container\" data-e-type=\"container\">\n\t\t\t\t<div class=\"elementor-element elementor-element-fff4571 elementor-widget elementor-widget-text-editor\" data-id=\"fff4571\" data-element_type=\"widget\" data-e-type=\"widget\" data-widget_type=\"text-editor.default\">\n\t\t\t\t<div class=\"elementor-widget-container\">\n\t\t\t\t\t\t\t\t\t<p data-start=\"2273\" data-end=\"2522\">Aunque algunas empresas todav\u00eda utilizan Excel, no se recomienda. Este formato no garantiza trazabilidad ni seguridad en caso de inspecci\u00f3n.<\/p><p data-start=\"2273\" data-end=\"2522\">Un software homologado de control horario ofrece mayor fiabilidad y cumplimiento legal.<\/p>\t\t\t\t\t\t\t\t<\/div>\n\t\t\t\t<\/div>\n\t\t\t\t<\/div>\n\t\t\t\t\t<\/details>\n\t\t\t\t\t\t<details id=\"e-n-accordion-item-6993\" class=\"e-n-accordion-item\" >\n\t\t\t\t<summary class=\"e-n-accordion-item-title\" data-accordion-index=\"4\" tabindex=\"-1\" aria-expanded=\"false\" aria-controls=\"e-n-accordion-item-6993\" >\n\t\t\t\t\t<span class='e-n-accordion-item-title-header'><div class=\"e-n-accordion-item-title-text\"> \u00bfQu\u00e9 ventajas tiene un software de control horario como Factorial? <\/div><\/span>\n\t\t\t\t\t\t\t<span class='e-n-accordion-item-title-icon'>\n\t\t\t<span class='e-opened' ><i aria-hidden=\"true\" class=\"fas fa-minus\"><\/i><\/span>\n\t\t\t<span class='e-closed'><i aria-hidden=\"true\" class=\"fas fa-plus\"><\/i><\/span>\n\t\t<\/span>\n\n\t\t\t\t\t\t<\/summary>\n\t\t\t\t<div role=\"region\" aria-labelledby=\"e-n-accordion-item-6993\" class=\"elementor-element elementor-element-d06b1c8 e-flex e-con-boxed e-con e-child\" data-id=\"d06b1c8\" data-element_type=\"container\" data-e-type=\"container\">\n\t\t\t\t\t<div class=\"e-con-inner\">\n\t\t\t\t<div class=\"elementor-element elementor-element-21508e1 elementor-widget elementor-widget-text-editor\" data-id=\"21508e1\" data-element_type=\"widget\" data-e-type=\"widget\" data-widget_type=\"text-editor.default\">\n\t\t\t\t<div class=\"elementor-widget-container\">\n\t\t\t\t\t\t\t\t\t<p data-start=\"3616\" data-end=\"3876\">Factorial permite registrar jornadas desde cualquier dispositivo, incorpora alertas autom\u00e1ticas, geolocalizaci\u00f3n, firma digital, y facilita auditor\u00edas.<\/p><p data-start=\"3616\" data-end=\"3876\">Adem\u00e1s, ayuda a cumplir la normativa sin errores ni riesgos legales.<\/p>\t\t\t\t\t\t\t\t<\/div>\n\t\t\t\t<\/div>\n\t\t\t\t\t<\/div>\n\t\t\t\t<\/div>\n\t\t\t\t\t<\/details>\n\t\t\t\t\t\t<details id=\"e-n-accordion-item-6994\" class=\"e-n-accordion-item\" >\n\t\t\t\t<summary class=\"e-n-accordion-item-title\" data-accordion-index=\"5\" tabindex=\"-1\" aria-expanded=\"false\" aria-controls=\"e-n-accordion-item-6994\" >\n\t\t\t\t\t<span class='e-n-accordion-item-title-header'><div class=\"e-n-accordion-item-title-text\"> \u00bfQu\u00e9 pasa si no se aplica correctamente el control horario en una empresa? <\/div><\/span>\n\t\t\t\t\t\t\t<span class='e-n-accordion-item-title-icon'>\n\t\t\t<span class='e-opened' ><i aria-hidden=\"true\" class=\"fas fa-minus\"><\/i><\/span>\n\t\t\t<span class='e-closed'><i aria-hidden=\"true\" class=\"fas fa-plus\"><\/i><\/span>\n\t\t<\/span>\n\n\t\t\t\t\t\t<\/summary>\n\t\t\t\t<div role=\"region\" aria-labelledby=\"e-n-accordion-item-6994\" class=\"elementor-element elementor-element-da12d05 e-flex e-con-boxed e-con e-child\" data-id=\"da12d05\" data-element_type=\"container\" data-e-type=\"container\">\n\t\t\t\t\t<div class=\"e-con-inner\">\n\t\t\t\t<div class=\"elementor-element elementor-element-891b66e elementor-widget elementor-widget-text-editor\" data-id=\"891b66e\" data-element_type=\"widget\" data-e-type=\"widget\" data-widget_type=\"text-editor.default\">\n\t\t\t\t<div class=\"elementor-widget-container\">\n\t\t\t\t\t\t\t\t\t<p>No aplicar el control horario o hacerlo de forma incorrecta puede conllevar sanciones por parte de la Inspecci\u00f3n de Trabajo.<\/p><p>Tambi\u00e9n puede generar conflictos internos, falta de transparencia y problemas de gesti\u00f3n del tiempo.<\/p>\t\t\t\t\t\t\t\t<\/div>\n\t\t\t\t<\/div>\n\t\t\t\t\t<\/div>\n\t\t\t\t<\/div>\n\t\t\t\t\t<\/details>\n\t\t\t\t\t<\/div>\n\t\t\t\t\t\t<\/div>\n\t\t\t\t<\/div>\n\t\t\t\t<div class=\"elementor-element elementor-element-c591e2d elementor-widget elementor-widget-html\" data-id=\"c591e2d\" data-element_type=\"widget\" data-e-type=\"widget\" data-widget_type=\"html.default\">\n\t\t\t\t<div class=\"elementor-widget-container\">\n\t\t\t\t\t<script type=\"application\/ld+json\">\r\n{\r\n  \"@context\": \"https:\/\/schema.org\",\r\n  \"@type\": \"FAQPage\",\r\n  \"mainEntity\": [\r\n    {\r\n      \"@type\": \"Question\",\r\n      \"name\": \"\u00bfEs obligatorio el control horario en 2025 para empresas con teletrabajo?\",\r\n      \"acceptedAnswer\": {\r\n        \"@type\": \"Answer\",\r\n        \"text\": \"S\u00ed. Seg\u00fan la normativa vigente, el registro de jornada laboral sigue siendo obligatorio en 2025, incluso si los empleados trabajan en remoto o en modelos h\u00edbridos. La empresa debe garantizar un sistema de fichaje que funcione en cualquier entorno laboral.\"\r\n      }\r\n    },\r\n    {\r\n      \"@type\": \"Question\",\r\n      \"name\": \"\u00bfQu\u00e9 debe incluir el registro de jornada laboral para cumplir con la ley?\",\r\n      \"acceptedAnswer\": {\r\n        \"@type\": \"Answer\",\r\n        \"text\": \"El control horario debe reflejar la hora exacta de inicio y fin de la jornada, as\u00ed como las pausas (comida, caf\u00e9, etc.). Tambi\u00e9n deben quedar registradas las horas extra, si las hubiera, junto con su autorizaci\u00f3n correspondiente.\"\r\n      }\r\n    },\r\n    {\r\n      \"@type\": \"Question\",\r\n      \"name\": \"\u00bfEs legal utilizar Excel para el control horario de empleados?\",\r\n      \"acceptedAnswer\": {\r\n        \"@type\": \"Answer\",\r\n        \"text\": \"Aunque algunas empresas todav\u00eda utilizan Excel, no se recomienda. Este formato no garantiza trazabilidad ni seguridad en caso de inspecci\u00f3n. Un software homologado de control horario ofrece mayor fiabilidad y cumplimiento legal.\"\r\n      }\r\n    },\r\n    {\r\n      \"@type\": \"Question\",\r\n      \"name\": \"\u00bfQu\u00e9 ventajas tiene un software de control horario como Factorial?\",\r\n      \"acceptedAnswer\": {\r\n        \"@type\": \"Answer\",\r\n        \"text\": \"Factorial permite registrar jornadas desde cualquier dispositivo, incorpora alertas autom\u00e1ticas, geolocalizaci\u00f3n, firma digital, y facilita auditor\u00edas. Adem\u00e1s, ayuda a cumplir la normativa sin errores ni riesgos legales.\"\r\n      }\r\n    },\r\n    {\r\n      \"@type\": \"Question\",\r\n      \"name\": \"\u00bfQu\u00e9 pasa si no se aplica correctamente el control horario en una empresa?\",\r\n      \"acceptedAnswer\": {\r\n        \"@type\": \"Answer\",\r\n        \"text\": \"No aplicar el control horario o hacerlo de forma incorrecta puede conllevar sanciones por parte de la Inspecci\u00f3n de Trabajo. Tambi\u00e9n puede generar conflictos internos, falta de transparencia y problemas de gesti\u00f3n del tiempo.\"\r\n      }\r\n    }\r\n  ]\r\n}\r\n<\/script>\t\t\t\t<\/div>\n\t\t\t\t<\/div>\n\t\t\t\t<\/div>\n\t\t\t\t\t<\/div>\n\t\t\t\t<\/div>\n\t\t\t\t<\/div>\n\t\t","protected":false},"excerpt":{"rendered":"<p>El control horario sigue siendo una de las obligaciones m\u00e1s importantes para las empresas en Espa\u00f1a. A pesar de que su implantaci\u00f3n fue obligatoria desde 2019, a\u00fan hoy muchas organizaciones tienen dudas sobre c\u00f3mo aplicarlo correctamente, especialmente en contextos de teletrabajo o modelos h\u00edbridos. Desde ABD Consultor\u00eda, como partner oficial de Factorial y especialistas en [&hellip;]<\/p>\n","protected":false},"author":24,"featured_media":31786,"comment_status":"closed","ping_status":"closed","sticky":false,"template":"","format":"standard","meta":{"_uf_show_specific_survey":0,"_uf_disable_surveys":false,"footnotes":""},"categories":[79],"tags":[3482,3551,475,1109,3516],"class_list":["post-31782","post","type-post","status-publish","format-standard","has-post-thumbnail","hentry","category-articulos","tag-factorial","tag-ley-de-control-horario","tag-recursos-humanos","tag-rrhh","tag-software-rrhh"],"yoast_head":"<!-- This site is optimized with the Yoast SEO plugin v27.5 - https:\/\/yoast.com\/product\/yoast-seo-wordpress\/ -->\n<title>Gu\u00eda para el control horario en la empresa en 2025<\/title>\n<meta name=\"description\" content=\"Descubre c\u00f3mo implementar correctamente el control horario en tu empresa en 2025. Aprende a cumplir la normativa con nuestra gu\u00eda pr\u00e1ctica.\" \/>\n<meta name=\"robots\" content=\"index, follow, max-snippet:-1, max-image-preview:large, max-video-preview:-1\" \/>\n<link rel=\"canonical\" href=\"https:\/\/www.abd.es\/en\/2025\/07\/guia-control-horario-empresa-2025\/\" \/>\n<meta property=\"og:locale\" content=\"en_GB\" \/>\n<meta property=\"og:type\" content=\"article\" \/>\n<meta property=\"og:title\" content=\"Gu\u00eda para el control horario en la empresa en 2025\" \/>\n<meta property=\"og:description\" content=\"Descubre c\u00f3mo implementar correctamente el control horario en tu empresa en 2025. Aprende a cumplir la normativa con nuestra gu\u00eda pr\u00e1ctica.\" \/>\n<meta property=\"og:url\" content=\"https:\/\/www.abd.es\/en\/2025\/07\/guia-control-horario-empresa-2025\/\" \/>\n<meta property=\"og:site_name\" content=\"ABD Consultora Inform\u00e1tica\" \/>\n<meta property=\"article:published_time\" content=\"2025-07-03T06:45:58+00:00\" \/>\n<meta property=\"og:image\" content=\"https:\/\/www.abd.es\/wp-content\/uploads\/2025\/07\/Empresas-2025-07-02T121850.072.jpg\" \/>\n\t<meta property=\"og:image:width\" content=\"1000\" \/>\n\t<meta property=\"og:image:height\" content=\"563\" \/>\n\t<meta property=\"og:image:type\" content=\"image\/jpeg\" \/>\n<meta name=\"author\" content=\"Andr\u00e9s V\u00e1zquez Flores\" \/>\n<meta name=\"twitter:card\" content=\"summary_large_image\" \/>\n<meta name=\"twitter:label1\" content=\"Written by\" \/>\n\t<meta name=\"twitter:data1\" content=\"Andr\u00e9s V\u00e1zquez Flores\" \/>\n\t<meta name=\"twitter:label2\" content=\"Estimated reading time\" \/>\n\t<meta name=\"twitter:data2\" content=\"6 minutes\" \/>\n<script type=\"application\/ld+json\" class=\"yoast-schema-graph\">{\"@context\":\"https:\\\/\\\/schema.org\",\"@graph\":[{\"@type\":\"Article\",\"@id\":\"https:\\\/\\\/www.abd.es\\\/2025\\\/07\\\/guia-control-horario-empresa-2025\\\/#article\",\"isPartOf\":{\"@id\":\"https:\\\/\\\/www.abd.es\\\/2025\\\/07\\\/guia-control-horario-empresa-2025\\\/\"},\"author\":{\"name\":\"Andr\u00e9s V\u00e1zquez Flores\",\"@id\":\"https:\\\/\\\/www.abd.es\\\/#\\\/schema\\\/person\\\/bd3469092923b6f52814328e887e927a\"},\"headline\":\"Gu\u00eda para el control horario en 2025: todo lo que necesitas saber\",\"datePublished\":\"2025-07-03T06:45:58+00:00\",\"mainEntityOfPage\":{\"@id\":\"https:\\\/\\\/www.abd.es\\\/2025\\\/07\\\/guia-control-horario-empresa-2025\\\/\"},\"wordCount\":1103,\"publisher\":{\"@id\":\"https:\\\/\\\/www.abd.es\\\/#organization\"},\"image\":{\"@id\":\"https:\\\/\\\/www.abd.es\\\/2025\\\/07\\\/guia-control-horario-empresa-2025\\\/#primaryimage\"},\"thumbnailUrl\":\"https:\\\/\\\/www.abd.es\\\/wp-content\\\/uploads\\\/2025\\\/07\\\/Empresas-2025-07-02T121850.072.jpg\",\"keywords\":[\"factorial\",\"ley de control horario\",\"Recursos Humanos\",\"RRHH\",\"software rrhh\"],\"articleSection\":[\"Articulos\"],\"inLanguage\":\"en-GB\"},{\"@type\":\"WebPage\",\"@id\":\"https:\\\/\\\/www.abd.es\\\/2025\\\/07\\\/guia-control-horario-empresa-2025\\\/\",\"url\":\"https:\\\/\\\/www.abd.es\\\/2025\\\/07\\\/guia-control-horario-empresa-2025\\\/\",\"name\":\"Gu\u00eda para el control horario en la empresa en 2025\",\"isPartOf\":{\"@id\":\"https:\\\/\\\/www.abd.es\\\/#website\"},\"primaryImageOfPage\":{\"@id\":\"https:\\\/\\\/www.abd.es\\\/2025\\\/07\\\/guia-control-horario-empresa-2025\\\/#primaryimage\"},\"image\":{\"@id\":\"https:\\\/\\\/www.abd.es\\\/2025\\\/07\\\/guia-control-horario-empresa-2025\\\/#primaryimage\"},\"thumbnailUrl\":\"https:\\\/\\\/www.abd.es\\\/wp-content\\\/uploads\\\/2025\\\/07\\\/Empresas-2025-07-02T121850.072.jpg\",\"datePublished\":\"2025-07-03T06:45:58+00:00\",\"description\":\"Descubre c\u00f3mo implementar correctamente el control horario en tu empresa en 2025. Aprende a cumplir la normativa con nuestra gu\u00eda pr\u00e1ctica.\",\"breadcrumb\":{\"@id\":\"https:\\\/\\\/www.abd.es\\\/2025\\\/07\\\/guia-control-horario-empresa-2025\\\/#breadcrumb\"},\"inLanguage\":\"en-GB\",\"potentialAction\":[{\"@type\":\"ReadAction\",\"target\":[\"https:\\\/\\\/www.abd.es\\\/2025\\\/07\\\/guia-control-horario-empresa-2025\\\/\"]}]},{\"@type\":\"ImageObject\",\"inLanguage\":\"en-GB\",\"@id\":\"https:\\\/\\\/www.abd.es\\\/2025\\\/07\\\/guia-control-horario-empresa-2025\\\/#primaryimage\",\"url\":\"https:\\\/\\\/www.abd.es\\\/wp-content\\\/uploads\\\/2025\\\/07\\\/Empresas-2025-07-02T121850.072.jpg\",\"contentUrl\":\"https:\\\/\\\/www.abd.es\\\/wp-content\\\/uploads\\\/2025\\\/07\\\/Empresas-2025-07-02T121850.072.jpg\",\"width\":1000,\"height\":563,\"caption\":\"control horario en la empresa\"},{\"@type\":\"BreadcrumbList\",\"@id\":\"https:\\\/\\\/www.abd.es\\\/2025\\\/07\\\/guia-control-horario-empresa-2025\\\/#breadcrumb\",\"itemListElement\":[{\"@type\":\"ListItem\",\"position\":1,\"name\":\"Portada\",\"item\":\"https:\\\/\\\/www.abd.es\\\/\"},{\"@type\":\"ListItem\",\"position\":2,\"name\":\"Gu\u00eda para el control horario en 2025: todo lo que necesitas saber\"}]},{\"@type\":\"WebSite\",\"@id\":\"https:\\\/\\\/www.abd.es\\\/#website\",\"url\":\"https:\\\/\\\/www.abd.es\\\/\",\"name\":\"ABD Consultora Inform\u00e1tica\",\"description\":\"Soluciones Empresariales | Microsoft Gold Partner\",\"publisher\":{\"@id\":\"https:\\\/\\\/www.abd.es\\\/#organization\"},\"potentialAction\":[{\"@type\":\"SearchAction\",\"target\":{\"@type\":\"EntryPoint\",\"urlTemplate\":\"https:\\\/\\\/www.abd.es\\\/?s={search_term_string}\"},\"query-input\":{\"@type\":\"PropertyValueSpecification\",\"valueRequired\":true,\"valueName\":\"search_term_string\"}}],\"inLanguage\":\"en-GB\"},{\"@type\":\"Organization\",\"@id\":\"https:\\\/\\\/www.abd.es\\\/#organization\",\"name\":\"ABD Consultora Inform\u00e1tica\",\"url\":\"https:\\\/\\\/www.abd.es\\\/\",\"logo\":{\"@type\":\"ImageObject\",\"inLanguage\":\"en-GB\",\"@id\":\"https:\\\/\\\/www.abd.es\\\/#\\\/schema\\\/logo\\\/image\\\/\",\"url\":\"https:\\\/\\\/www.abd.es\\\/wp-content\\\/uploads\\\/2023\\\/09\\\/cropped-consultoria-informatica-11.png\",\"contentUrl\":\"https:\\\/\\\/www.abd.es\\\/wp-content\\\/uploads\\\/2023\\\/09\\\/cropped-consultoria-informatica-11.png\",\"width\":64,\"height\":64,\"caption\":\"ABD Consultora Inform\u00e1tica\"},\"image\":{\"@id\":\"https:\\\/\\\/www.abd.es\\\/#\\\/schema\\\/logo\\\/image\\\/\"},\"sameAs\":[\"https:\\\/\\\/www.linkedin.com\\\/company\\\/abd-consultor-a-y-soluciones-inform-ticas\\\/\"]},{\"@type\":\"Person\",\"@id\":\"https:\\\/\\\/www.abd.es\\\/#\\\/schema\\\/person\\\/bd3469092923b6f52814328e887e927a\",\"name\":\"Andr\u00e9s V\u00e1zquez Flores\",\"image\":{\"@type\":\"ImageObject\",\"inLanguage\":\"en-GB\",\"@id\":\"https:\\\/\\\/www.abd.es\\\/wp-content\\\/litespeed\\\/avatar\\\/1e2b895d874c98c700855da371c80a06.jpg?ver=1777403804\",\"url\":\"https:\\\/\\\/www.abd.es\\\/wp-content\\\/litespeed\\\/avatar\\\/1e2b895d874c98c700855da371c80a06.jpg?ver=1777403804\",\"contentUrl\":\"https:\\\/\\\/www.abd.es\\\/wp-content\\\/litespeed\\\/avatar\\\/1e2b895d874c98c700855da371c80a06.jpg?ver=1777403804\",\"caption\":\"Andr\u00e9s V\u00e1zquez Flores\"},\"description\":\"Soy profesional en Marketing Digital y Social Media en ABD Consultor\u00eda y Soluciones Inform\u00e1ticas. Ayudo a las empresas a alcanzar sus metas a trav\u00e9s de estrategias de marketing digital efectivas y una gesti\u00f3n eficiente de las redes sociales.\",\"sameAs\":[\"https:\\\/\\\/abd.es\\\/\"],\"url\":\"https:\\\/\\\/www.abd.es\\\/en\\\/author\\\/andres\\\/\"}]}<\/script>\n<!-- \/ Yoast SEO plugin. -->","yoast_head_json":{"title":"Gu\u00eda para el control horario en la empresa en 2025","description":"Descubre c\u00f3mo implementar correctamente el control horario en tu empresa en 2025. Aprende a cumplir la normativa con nuestra gu\u00eda pr\u00e1ctica.","robots":{"index":"index","follow":"follow","max-snippet":"max-snippet:-1","max-image-preview":"max-image-preview:large","max-video-preview":"max-video-preview:-1"},"canonical":"https:\/\/www.abd.es\/en\/2025\/07\/guia-control-horario-empresa-2025\/","og_locale":"en_GB","og_type":"article","og_title":"Gu\u00eda para el control horario en la empresa en 2025","og_description":"Descubre c\u00f3mo implementar correctamente el control horario en tu empresa en 2025. Aprende a cumplir la normativa con nuestra gu\u00eda pr\u00e1ctica.","og_url":"https:\/\/www.abd.es\/en\/2025\/07\/guia-control-horario-empresa-2025\/","og_site_name":"ABD Consultora Inform\u00e1tica","article_published_time":"2025-07-03T06:45:58+00:00","og_image":[{"width":1000,"height":563,"url":"https:\/\/www.abd.es\/wp-content\/uploads\/2025\/07\/Empresas-2025-07-02T121850.072.jpg","type":"image\/jpeg"}],"author":"Andr\u00e9s V\u00e1zquez Flores","twitter_card":"summary_large_image","twitter_misc":{"Written by":"Andr\u00e9s V\u00e1zquez Flores","Estimated reading time":"6 minutes"},"schema":{"@context":"https:\/\/schema.org","@graph":[{"@type":"Article","@id":"https:\/\/www.abd.es\/2025\/07\/guia-control-horario-empresa-2025\/#article","isPartOf":{"@id":"https:\/\/www.abd.es\/2025\/07\/guia-control-horario-empresa-2025\/"},"author":{"name":"Andr\u00e9s V\u00e1zquez Flores","@id":"https:\/\/www.abd.es\/#\/schema\/person\/bd3469092923b6f52814328e887e927a"},"headline":"Gu\u00eda para el control horario en 2025: todo lo que necesitas saber","datePublished":"2025-07-03T06:45:58+00:00","mainEntityOfPage":{"@id":"https:\/\/www.abd.es\/2025\/07\/guia-control-horario-empresa-2025\/"},"wordCount":1103,"publisher":{"@id":"https:\/\/www.abd.es\/#organization"},"image":{"@id":"https:\/\/www.abd.es\/2025\/07\/guia-control-horario-empresa-2025\/#primaryimage"},"thumbnailUrl":"https:\/\/www.abd.es\/wp-content\/uploads\/2025\/07\/Empresas-2025-07-02T121850.072.jpg","keywords":["factorial","ley de control horario","Recursos Humanos","RRHH","software rrhh"],"articleSection":["Articulos"],"inLanguage":"en-GB"},{"@type":"WebPage","@id":"https:\/\/www.abd.es\/2025\/07\/guia-control-horario-empresa-2025\/","url":"https:\/\/www.abd.es\/2025\/07\/guia-control-horario-empresa-2025\/","name":"Gu\u00eda para el control horario en la empresa en 2025","isPartOf":{"@id":"https:\/\/www.abd.es\/#website"},"primaryImageOfPage":{"@id":"https:\/\/www.abd.es\/2025\/07\/guia-control-horario-empresa-2025\/#primaryimage"},"image":{"@id":"https:\/\/www.abd.es\/2025\/07\/guia-control-horario-empresa-2025\/#primaryimage"},"thumbnailUrl":"https:\/\/www.abd.es\/wp-content\/uploads\/2025\/07\/Empresas-2025-07-02T121850.072.jpg","datePublished":"2025-07-03T06:45:58+00:00","description":"Descubre c\u00f3mo implementar correctamente el control horario en tu empresa en 2025. Aprende a cumplir la normativa con nuestra gu\u00eda pr\u00e1ctica.","breadcrumb":{"@id":"https:\/\/www.abd.es\/2025\/07\/guia-control-horario-empresa-2025\/#breadcrumb"},"inLanguage":"en-GB","potentialAction":[{"@type":"ReadAction","target":["https:\/\/www.abd.es\/2025\/07\/guia-control-horario-empresa-2025\/"]}]},{"@type":"ImageObject","inLanguage":"en-GB","@id":"https:\/\/www.abd.es\/2025\/07\/guia-control-horario-empresa-2025\/#primaryimage","url":"https:\/\/www.abd.es\/wp-content\/uploads\/2025\/07\/Empresas-2025-07-02T121850.072.jpg","contentUrl":"https:\/\/www.abd.es\/wp-content\/uploads\/2025\/07\/Empresas-2025-07-02T121850.072.jpg","width":1000,"height":563,"caption":"control horario en la empresa"},{"@type":"BreadcrumbList","@id":"https:\/\/www.abd.es\/2025\/07\/guia-control-horario-empresa-2025\/#breadcrumb","itemListElement":[{"@type":"ListItem","position":1,"name":"Portada","item":"https:\/\/www.abd.es\/"},{"@type":"ListItem","position":2,"name":"Gu\u00eda para el control horario en 2025: todo lo que necesitas saber"}]},{"@type":"WebSite","@id":"https:\/\/www.abd.es\/#website","url":"https:\/\/www.abd.es\/","name":"ABD IT Consulting","description":"Business Solutions | Microsoft Gold Partner","publisher":{"@id":"https:\/\/www.abd.es\/#organization"},"potentialAction":[{"@type":"SearchAction","target":{"@type":"EntryPoint","urlTemplate":"https:\/\/www.abd.es\/?s={search_term_string}"},"query-input":{"@type":"PropertyValueSpecification","valueRequired":true,"valueName":"search_term_string"}}],"inLanguage":"en-GB"},{"@type":"Organization","@id":"https:\/\/www.abd.es\/#organization","name":"ABD IT Consulting","url":"https:\/\/www.abd.es\/","logo":{"@type":"ImageObject","inLanguage":"en-GB","@id":"https:\/\/www.abd.es\/#\/schema\/logo\/image\/","url":"https:\/\/www.abd.es\/wp-content\/uploads\/2023\/09\/cropped-consultoria-informatica-11.png","contentUrl":"https:\/\/www.abd.es\/wp-content\/uploads\/2023\/09\/cropped-consultoria-informatica-11.png","width":64,"height":64,"caption":"ABD Consultora Inform\u00e1tica"},"image":{"@id":"https:\/\/www.abd.es\/#\/schema\/logo\/image\/"},"sameAs":["https:\/\/www.linkedin.com\/company\/abd-consultor-a-y-soluciones-inform-ticas\/"]},{"@type":"Person","@id":"https:\/\/www.abd.es\/#\/schema\/person\/bd3469092923b6f52814328e887e927a","name":"Andr\u00e9s V\u00e1zquez Flores","image":{"@type":"ImageObject","inLanguage":"en-GB","@id":"https:\/\/www.abd.es\/wp-content\/litespeed\/avatar\/1e2b895d874c98c700855da371c80a06.jpg?ver=1777403804","url":"https:\/\/www.abd.es\/wp-content\/litespeed\/avatar\/1e2b895d874c98c700855da371c80a06.jpg?ver=1777403804","contentUrl":"https:\/\/www.abd.es\/wp-content\/litespeed\/avatar\/1e2b895d874c98c700855da371c80a06.jpg?ver=1777403804","caption":"Andr\u00e9s V\u00e1zquez Flores"},"description":"Soy profesional en Marketing Digital y Social Media en ABD Consultor\u00eda y Soluciones Inform\u00e1ticas. Ayudo a las empresas a alcanzar sus metas a trav\u00e9s de estrategias de marketing digital efectivas y una gesti\u00f3n eficiente de las redes sociales.","sameAs":["https:\/\/abd.es\/"],"url":"https:\/\/www.abd.es\/en\/author\/andres\/"}]}},"_links":{"self":[{"href":"https:\/\/www.abd.es\/en\/wp-json\/wp\/v2\/posts\/31782","targetHints":{"allow":["GET"]}}],"collection":[{"href":"https:\/\/www.abd.es\/en\/wp-json\/wp\/v2\/posts"}],"about":[{"href":"https:\/\/www.abd.es\/en\/wp-json\/wp\/v2\/types\/post"}],"author":[{"embeddable":true,"href":"https:\/\/www.abd.es\/en\/wp-json\/wp\/v2\/users\/24"}],"replies":[{"embeddable":true,"href":"https:\/\/www.abd.es\/en\/wp-json\/wp\/v2\/comments?post=31782"}],"version-history":[{"count":12,"href":"https:\/\/www.abd.es\/en\/wp-json\/wp\/v2\/posts\/31782\/revisions"}],"predecessor-version":[{"id":31809,"href":"https:\/\/www.abd.es\/en\/wp-json\/wp\/v2\/posts\/31782\/revisions\/31809"}],"wp:featuredmedia":[{"embeddable":true,"href":"https:\/\/www.abd.es\/en\/wp-json\/wp\/v2\/media\/31786"}],"wp:attachment":[{"href":"https:\/\/www.abd.es\/en\/wp-json\/wp\/v2\/media?parent=31782"}],"wp:term":[{"taxonomy":"category","embeddable":true,"href":"https:\/\/www.abd.es\/en\/wp-json\/wp\/v2\/categories?post=31782"},{"taxonomy":"post_tag","embeddable":true,"href":"https:\/\/www.abd.es\/en\/wp-json\/wp\/v2\/tags?post=31782"}],"curies":[{"name":"wp","href":"https:\/\/api.w.org\/{rel}","templated":true}]}}