{"id":35879,"date":"2026-04-27T10:29:06","date_gmt":"2026-04-27T08:29:06","guid":{"rendered":"https:\/\/www.abd.es\/?p=35879"},"modified":"2026-04-27T10:29:06","modified_gmt":"2026-04-27T08:29:06","slug":"subida-precios-dynamics-on-premise-2026","status":"publish","type":"post","link":"https:\/\/www.abd.es\/en\/2026\/04\/subida-precios-dynamics-on-premise-2026\/","title":{"rendered":"Cambios en precios de Dynamics on-premises en 2026"},"content":{"rendered":"<p><strong>Los precios Dynamics on-premise 2026 traer\u00e1n cambios relevantes que pueden impactar directamente en tus costes y estrategia IT.<\/strong> Microsoft ha anunciado una actualizaci\u00f3n de tarifas a partir de octubre de 2026 que afecta a Business Central, NAV y GP en entornos locales.<\/p>\n<p>Si actualmente trabajas con un ERP Microsoft on-premises o est\u00e1s valorando migrar a la nube, este es el momento clave para entender qu\u00e9 cambia, c\u00f3mo te afecta y qu\u00e9 decisiones deber\u00edas tomar.<\/p>\n<p><img fetchpriority=\"high\" decoding=\"async\" class=\"alignnone wp-image-35881 size-full\" src=\"https:\/\/www.abd.es\/wp-content\/uploads\/2026\/04\/Empresas-2026-04-21T094839.649.webp\" alt=\"precios Dynamics on-premise 2026\" width=\"1000\" height=\"563\" srcset=\"https:\/\/www.abd.es\/wp-content\/uploads\/2026\/04\/Empresas-2026-04-21T094839.649.webp 1000w, https:\/\/www.abd.es\/wp-content\/uploads\/2026\/04\/Empresas-2026-04-21T094839.649-300x169.webp 300w, https:\/\/www.abd.es\/wp-content\/uploads\/2026\/04\/Empresas-2026-04-21T094839.649-768x432.webp 768w, https:\/\/www.abd.es\/wp-content\/uploads\/2026\/04\/Empresas-2026-04-21T094839.649-18x10.webp 18w\" sizes=\"(max-width: 1000px) 100vw, 1000px\" \/><\/p>\n<h2>\u00bfPor qu\u00e9 Microsoft actualiza los precios de Dynamics on-premise?<\/h2>\n<p>Microsoft contin\u00faa impulsando su estrategia cloud, pero manteniendo opciones h\u00edbridas y on-premise para sus clientes.<\/p>\n<p>El objetivo de estos cambios es:<\/p>\n<ul>\n<li><strong>Reducir barreras hacia la migraci\u00f3n a la nube<\/strong><\/li>\n<li>Simplificar modelos de precios<\/li>\n<li>Mantener flexibilidad en modelos de despliegue<\/li>\n<li>Alinear costes entre soluciones legacy y cloud<\/li>\n<\/ul>\n<p>En otras palabras: el on-premise sigue existiendo, pero cada vez es menos competitivo frente a la nube.<\/p>\n<h2>Cambios en planes de soporte Dynamics (Enhancement y Advantage Plan)<\/h2>\n<p><img decoding=\"async\" class=\"alignnone wp-image-35882 size-full\" src=\"https:\/\/www.abd.es\/wp-content\/uploads\/2026\/04\/Empresas-2026-04-21T094849.168.webp\" alt=\"precios Dynamics on-premise 2026\" width=\"1000\" height=\"563\" srcset=\"https:\/\/www.abd.es\/wp-content\/uploads\/2026\/04\/Empresas-2026-04-21T094849.168.webp 1000w, https:\/\/www.abd.es\/wp-content\/uploads\/2026\/04\/Empresas-2026-04-21T094849.168-300x169.webp 300w, https:\/\/www.abd.es\/wp-content\/uploads\/2026\/04\/Empresas-2026-04-21T094849.168-768x432.webp 768w, https:\/\/www.abd.es\/wp-content\/uploads\/2026\/04\/Empresas-2026-04-21T094849.168-18x10.webp 18w\" sizes=\"(max-width: 1000px) 100vw, 1000px\" \/><\/p>\n<h3>Incremento en costes de mantenimiento Dynamics NAV y Business Central<\/h3>\n<p>A partir del <strong>6 de octubre de 2026<\/strong>, los planes de soporte sufrir\u00e1n un incremento:<\/p>\n<ul>\n<li><strong>Enhancement Plan (EP):<\/strong> pasa del 20% al 21%<\/li>\n<li><strong>Advantage Plan (AP):<\/strong> pasa del 22% al 23%<\/li>\n<li>Planes a 3 a\u00f1os: aumento proporcional (ej. 60% \u2192 63%)<\/li>\n<\/ul>\n<h3>\u00bfQu\u00e9 implica este cambio?<\/h3>\n<ul>\n<li>Mayor coste anual de mantenimiento ERP<\/li>\n<li>Impacto acumulativo en contratos a largo plazo<\/li>\n<li>Necesidad de revisar renovaciones antes de la subida<\/li>\n<\/ul>\n<p>Importante: Los contratos multianuales mantienen su porcentaje durante la vigencia, pero <strong>no pueden cancelarse anticipadamente.<\/strong><\/p>\n<h2>Subida del 10% en suscripciones Dynamics on-premise<\/h2>\n<h3>Productos afectados<\/h3>\n<p>Desde el <strong>1 de octubre de 2026<\/strong>, aumentan un 10% los precios base en:<\/p>\n<ul>\n<li>Dynamics 365 Business Central on-premise (suscripci\u00f3n)<\/li>\n<li>Dynamics NAV (suscripci\u00f3n)<\/li>\n<li>Dynamics GP (suscripci\u00f3n)<\/li>\n<\/ul>\n<h3>Qu\u00e9 significa para tu empresa<\/h3>\n<ul>\n<li>Incremento directo en costes de licencias<\/li>\n<li>Menor diferencia de coste frente a soluciones cloud<\/li>\n<li>Oportunidad para evaluar migraci\u00f3n a Business Central Online<\/li>\n<\/ul>\n<p>Este punto es especialmente relevante para empresas que siguen utilizando <a href=\"https:\/\/www.abd.es\/en\/dynamics-nav\/\"><strong>Navision (Dynamics NAV)<\/strong><\/a> o versiones h\u00edbridas.<\/p>\n<h2>Cambios en precios por regi\u00f3n (Local Multipliers)<\/h2>\n<p><img decoding=\"async\" class=\"alignnone wp-image-35883 size-full\" src=\"https:\/\/www.abd.es\/wp-content\/uploads\/2026\/04\/Empresas-2026-04-21T094905.859.webp\" alt=\"cambios de precios\" width=\"1000\" height=\"563\" srcset=\"https:\/\/www.abd.es\/wp-content\/uploads\/2026\/04\/Empresas-2026-04-21T094905.859.webp 1000w, https:\/\/www.abd.es\/wp-content\/uploads\/2026\/04\/Empresas-2026-04-21T094905.859-300x169.webp 300w, https:\/\/www.abd.es\/wp-content\/uploads\/2026\/04\/Empresas-2026-04-21T094905.859-768x432.webp 768w, https:\/\/www.abd.es\/wp-content\/uploads\/2026\/04\/Empresas-2026-04-21T094905.859-18x10.webp 18w\" sizes=\"(max-width: 1000px) 100vw, 1000px\" \/><\/p>\n<p>Microsoft tambi\u00e9n ajustar\u00e1 los llamados <strong>multiplicadores locales<\/strong>, que convierten precios base en USD a moneda local.<\/p>\n<h3>Who is affected?<\/h3>\n<ul>\n<li>Business Central on-premise<\/li>\n<li>Dynamics NAV<\/li>\n<li>Dynamics GP<\/li>\n<li>Dynamics SL<\/li>\n<\/ul>\n<h3>Impacto real<\/h3>\n<ul>\n<li>Variaci\u00f3n de precios seg\u00fan pa\u00eds o regi\u00f3n<\/li>\n<li>Posibles incrementos adicionales en Europa<\/li>\n<li>Necesidad de revisar presupuestos internacionales<\/li>\n<\/ul>\n<h2>\u00bfC\u00f3mo afectan estos cambios a tu ERP Microsoft?<\/h2>\n<p>Si eres cliente de Dynamics, estos cambios pueden impactar en:<\/p>\n<h3>Costes operativos<\/h3>\n<ul>\n<li>Subida en mantenimiento y licencias<\/li>\n<li>Mayor presi\u00f3n sobre presupuestos IT<\/li>\n<\/ul>\n<h3>Estrategia tecnol\u00f3gica<\/h3>\n<ul>\n<li>Replanteamiento del modelo on-premise<\/li>\n<li>Evaluaci\u00f3n de migraci\u00f3n a la nube<\/li>\n<\/ul>\n<h3>ROI del ERP<\/h3>\n<ul>\n<li>Menor rentabilidad del modelo actual<\/li>\n<li>Necesidad de optimizaci\u00f3n<\/li>\n<\/ul>\n<h2>\u00bfTiene sentido seguir en Dynamics on-premise en 2026?<\/h2>\n<p><img loading=\"lazy\" decoding=\"async\" class=\"alignnone wp-image-35884 size-full\" src=\"https:\/\/www.abd.es\/wp-content\/uploads\/2026\/04\/Empresas-2026-04-21T094953.671.webp\" alt=\"precios Dynamics on-premise 2026\" width=\"1000\" height=\"563\" srcset=\"https:\/\/www.abd.es\/wp-content\/uploads\/2026\/04\/Empresas-2026-04-21T094953.671.webp 1000w, https:\/\/www.abd.es\/wp-content\/uploads\/2026\/04\/Empresas-2026-04-21T094953.671-300x169.webp 300w, https:\/\/www.abd.es\/wp-content\/uploads\/2026\/04\/Empresas-2026-04-21T094953.671-768x432.webp 768w, https:\/\/www.abd.es\/wp-content\/uploads\/2026\/04\/Empresas-2026-04-21T094953.671-18x10.webp 18w\" sizes=\"(max-width: 1000px) 100vw, 1000px\" \/><\/p>\n<p>Depende del contexto, pero la tendencia es clara: Microsoft est\u00e1 incentivando el <a href=\"https:\/\/www.abd.es\/en\/migracion-dynamics-nav-a-business-central\/\">salto a <strong>Business Central Cloud<\/strong><\/a><\/p>\n<p>Ventajas del modelo cloud frente a on-premise:<\/p>\n<ul>\n<li>Actualizaciones autom\u00e1ticas<\/li>\n<li>Escalabilidad sin inversi\u00f3n en infraestructura<\/li>\n<li>Seguridad avanzada integrada<\/li>\n<li>Integraci\u00f3n con herramientas como Microsoft 365 y Power Platform<\/li>\n<\/ul>\n<h2>Recomendaciones pr\u00e1cticas para empresas<\/h2>\n<p>Antes de que entren en vigor estos cambios, te recomendamos:<\/p>\n<h3>Revisar contratos actuales<\/h3>\n<p>Analiza fechas de renovaci\u00f3n y condiciones de soporte.<\/p>\n<h3>Evaluar migraci\u00f3n a la nube<\/h3>\n<p>Especialmente si trabajas con Dynamics NAV o versiones antiguas.<\/p>\n<h3>Optimizar licencias<\/h3>\n<p>Ajusta usuarios, m\u00f3dulos y uso real del sistema.<\/p>\n<h3>Planificar presupuesto 2026\u20132027<\/h3>\n<p>Anticiparte puede suponer un ahorro significativo.<\/p>\n<h2>Anticiparse es clave<\/h2>\n<p><img decoding=\"async\" src=\"https:\/\/www.abd.es\/wp-content\/uploads\/2024\/04\/46-1024x576.webp\" alt=\"ABD\" \/><\/p>\n<p>Los cambios en los <strong>precios Dynamics on-premise 2026<\/strong> no son solo una subida puntual: reflejan una evoluci\u00f3n estrat\u00e9gica hacia modelos cloud.<\/p>\n<p>Para las empresas, esto supone una oportunidad: <strong>Revisar, optimizar y evolucionar su ERP.<\/strong><\/p>\n<p>Tomar decisiones ahora puede marcar la diferencia en costes, eficiencia y competitividad en los pr\u00f3ximos a\u00f1os.<\/p>\n<p>\u00bfQuieres saber c\u00f3mo te afectan estos cambios en tu entorno Dynamics?<\/p>\n<p class=\"translation-block\">At <a href=\"https:\/\/www.abd.es\/en\/\" target=\"_self\"><strong>ABD Consulting and IT Solutions<\/strong><\/a>, we help you:<\/p>\n<ul>\n<li>Analizar el impacto real en tus costes<\/li>\n<li>Optimizar tus licencias actuales<\/li>\n<li>Dise\u00f1ar tu estrategia de migraci\u00f3n a Business Central Cloud<\/li>\n<\/ul>\n<p><strong><a href=\"https:\/\/www.abd.es\/en\/contacto\/\">Contact our team<\/a> y te asesoramos sin compromiso.<\/strong><\/p>","protected":false},"excerpt":{"rendered":"<p>Los precios Dynamics on-premise 2026 traer\u00e1n cambios relevantes que pueden impactar directamente en tus costes y estrategia IT. Microsoft ha anunciado una actualizaci\u00f3n de tarifas a partir de octubre de 2026 que afecta a Business Central, NAV y GP en entornos locales. Si actualmente trabajas con un ERP Microsoft on-premises o est\u00e1s valorando migrar a [&hellip;]<\/p>\n","protected":false},"author":24,"featured_media":35880,"comment_status":"closed","ping_status":"closed","sticky":false,"template":"","format":"standard","meta":{"_uf_show_specific_survey":0,"_uf_disable_surveys":false,"footnotes":""},"categories":[79,1041,100],"tags":[1235,120,1189],"class_list":["post-35879","post","type-post","status-publish","format-standard","has-post-thumbnail","hentry","category-articulos","category-noticias","category-noticias-del-sector","tag-dynamics-365-business-central","tag-microsoft","tag-microsoft-365-business-central"],"yoast_head":"<!-- This site is optimized with the Yoast SEO plugin v27.4 - https:\/\/yoast.com\/product\/yoast-seo-wordpress\/ -->\n<title>Actualizaci\u00f3n precios Dynamics on-premise 2026<\/title>\n<meta name=\"description\" content=\"Subida de precios en Dynamics on-premises en 2026: impacto en Business Central, NAV y GP. Antic\u00edpate y optimiza tus costes.\" \/>\n<meta name=\"robots\" content=\"index, follow, max-snippet:-1, max-image-preview:large, max-video-preview:-1\" \/>\n<link rel=\"canonical\" href=\"https:\/\/www.abd.es\/en\/2026\/04\/subida-precios-dynamics-on-premise-2026\/\" \/>\n<meta property=\"og:locale\" content=\"en_GB\" \/>\n<meta property=\"og:type\" content=\"article\" \/>\n<meta property=\"og:title\" content=\"Actualizaci\u00f3n precios Dynamics on-premise 2026\" \/>\n<meta property=\"og:description\" content=\"Subida de precios en Dynamics on-premises en 2026: impacto en Business Central, NAV y GP. Antic\u00edpate y optimiza tus costes.\" \/>\n<meta property=\"og:url\" content=\"https:\/\/www.abd.es\/en\/2026\/04\/subida-precios-dynamics-on-premise-2026\/\" \/>\n<meta property=\"og:site_name\" content=\"ABD Consultora Inform\u00e1tica\" \/>\n<meta property=\"article:published_time\" content=\"2026-04-27T08:29:06+00:00\" \/>\n<meta property=\"og:image\" content=\"https:\/\/www.abd.es\/wp-content\/uploads\/2026\/04\/Empresas-2026-04-21T094839.649.jpg\" \/>\n\t<meta property=\"og:image:width\" content=\"1000\" \/>\n\t<meta property=\"og:image:height\" content=\"563\" \/>\n\t<meta property=\"og:image:type\" content=\"image\/jpeg\" \/>\n<meta name=\"author\" content=\"Andr\u00e9s V\u00e1zquez Flores\" \/>\n<meta name=\"twitter:card\" content=\"summary_large_image\" \/>\n<meta name=\"twitter:label1\" content=\"Written by\" \/>\n\t<meta name=\"twitter:data1\" content=\"Andr\u00e9s V\u00e1zquez Flores\" \/>\n\t<meta name=\"twitter:label2\" content=\"Estimated reading time\" \/>\n\t<meta name=\"twitter:data2\" content=\"5 minutes\" \/>\n<script type=\"application\/ld+json\" class=\"yoast-schema-graph\">{\"@context\":\"https:\\\/\\\/schema.org\",\"@graph\":[{\"@type\":\"Article\",\"@id\":\"https:\\\/\\\/www.abd.es\\\/2026\\\/04\\\/subida-precios-dynamics-on-premise-2026\\\/#article\",\"isPartOf\":{\"@id\":\"https:\\\/\\\/www.abd.es\\\/2026\\\/04\\\/subida-precios-dynamics-on-premise-2026\\\/\"},\"author\":{\"name\":\"Andr\u00e9s V\u00e1zquez Flores\",\"@id\":\"https:\\\/\\\/www.abd.es\\\/#\\\/schema\\\/person\\\/bd3469092923b6f52814328e887e927a\"},\"headline\":\"Cambios en precios de Dynamics on-premises en 2026\",\"datePublished\":\"2026-04-27T08:29:06+00:00\",\"mainEntityOfPage\":{\"@id\":\"https:\\\/\\\/www.abd.es\\\/2026\\\/04\\\/subida-precios-dynamics-on-premise-2026\\\/\"},\"wordCount\":673,\"publisher\":{\"@id\":\"https:\\\/\\\/www.abd.es\\\/#organization\"},\"image\":{\"@id\":\"https:\\\/\\\/www.abd.es\\\/2026\\\/04\\\/subida-precios-dynamics-on-premise-2026\\\/#primaryimage\"},\"thumbnailUrl\":\"https:\\\/\\\/www.abd.es\\\/wp-content\\\/uploads\\\/2026\\\/04\\\/Empresas-2026-04-21T094839.649.jpg\",\"keywords\":[\"Dynamics 365 Business Central\",\"Microsoft\",\"Microsoft 365 Business Central\"],\"articleSection\":[\"Articulos\",\"Noticias\",\"Noticias del Sector\"],\"inLanguage\":\"en-GB\"},{\"@type\":\"WebPage\",\"@id\":\"https:\\\/\\\/www.abd.es\\\/2026\\\/04\\\/subida-precios-dynamics-on-premise-2026\\\/\",\"url\":\"https:\\\/\\\/www.abd.es\\\/2026\\\/04\\\/subida-precios-dynamics-on-premise-2026\\\/\",\"name\":\"Actualizaci\u00f3n precios Dynamics on-premise 2026\",\"isPartOf\":{\"@id\":\"https:\\\/\\\/www.abd.es\\\/#website\"},\"primaryImageOfPage\":{\"@id\":\"https:\\\/\\\/www.abd.es\\\/2026\\\/04\\\/subida-precios-dynamics-on-premise-2026\\\/#primaryimage\"},\"image\":{\"@id\":\"https:\\\/\\\/www.abd.es\\\/2026\\\/04\\\/subida-precios-dynamics-on-premise-2026\\\/#primaryimage\"},\"thumbnailUrl\":\"https:\\\/\\\/www.abd.es\\\/wp-content\\\/uploads\\\/2026\\\/04\\\/Empresas-2026-04-21T094839.649.jpg\",\"datePublished\":\"2026-04-27T08:29:06+00:00\",\"description\":\"Subida de precios en Dynamics on-premises en 2026: impacto en Business Central, NAV y GP. Antic\u00edpate y optimiza tus costes.\",\"breadcrumb\":{\"@id\":\"https:\\\/\\\/www.abd.es\\\/2026\\\/04\\\/subida-precios-dynamics-on-premise-2026\\\/#breadcrumb\"},\"inLanguage\":\"en-GB\",\"potentialAction\":[{\"@type\":\"ReadAction\",\"target\":[\"https:\\\/\\\/www.abd.es\\\/2026\\\/04\\\/subida-precios-dynamics-on-premise-2026\\\/\"]}]},{\"@type\":\"ImageObject\",\"inLanguage\":\"en-GB\",\"@id\":\"https:\\\/\\\/www.abd.es\\\/2026\\\/04\\\/subida-precios-dynamics-on-premise-2026\\\/#primaryimage\",\"url\":\"https:\\\/\\\/www.abd.es\\\/wp-content\\\/uploads\\\/2026\\\/04\\\/Empresas-2026-04-21T094839.649.jpg\",\"contentUrl\":\"https:\\\/\\\/www.abd.es\\\/wp-content\\\/uploads\\\/2026\\\/04\\\/Empresas-2026-04-21T094839.649.jpg\",\"width\":1000,\"height\":563,\"caption\":\"precios Dynamics on-premise 2026\"},{\"@type\":\"BreadcrumbList\",\"@id\":\"https:\\\/\\\/www.abd.es\\\/2026\\\/04\\\/subida-precios-dynamics-on-premise-2026\\\/#breadcrumb\",\"itemListElement\":[{\"@type\":\"ListItem\",\"position\":1,\"name\":\"Portada\",\"item\":\"https:\\\/\\\/www.abd.es\\\/\"},{\"@type\":\"ListItem\",\"position\":2,\"name\":\"Cambios en precios de Dynamics on-premises en 2026\"}]},{\"@type\":\"WebSite\",\"@id\":\"https:\\\/\\\/www.abd.es\\\/#website\",\"url\":\"https:\\\/\\\/www.abd.es\\\/\",\"name\":\"ABD Consultora Inform\u00e1tica\",\"description\":\"Soluciones Empresariales | Microsoft Gold Partner\",\"publisher\":{\"@id\":\"https:\\\/\\\/www.abd.es\\\/#organization\"},\"potentialAction\":[{\"@type\":\"SearchAction\",\"target\":{\"@type\":\"EntryPoint\",\"urlTemplate\":\"https:\\\/\\\/www.abd.es\\\/?s={search_term_string}\"},\"query-input\":{\"@type\":\"PropertyValueSpecification\",\"valueRequired\":true,\"valueName\":\"search_term_string\"}}],\"inLanguage\":\"en-GB\"},{\"@type\":\"Organization\",\"@id\":\"https:\\\/\\\/www.abd.es\\\/#organization\",\"name\":\"ABD Consultora Inform\u00e1tica\",\"url\":\"https:\\\/\\\/www.abd.es\\\/\",\"logo\":{\"@type\":\"ImageObject\",\"inLanguage\":\"en-GB\",\"@id\":\"https:\\\/\\\/www.abd.es\\\/#\\\/schema\\\/logo\\\/image\\\/\",\"url\":\"https:\\\/\\\/www.abd.es\\\/wp-content\\\/uploads\\\/2023\\\/09\\\/cropped-consultoria-informatica-11.png\",\"contentUrl\":\"https:\\\/\\\/www.abd.es\\\/wp-content\\\/uploads\\\/2023\\\/09\\\/cropped-consultoria-informatica-11.png\",\"width\":64,\"height\":64,\"caption\":\"ABD Consultora Inform\u00e1tica\"},\"image\":{\"@id\":\"https:\\\/\\\/www.abd.es\\\/#\\\/schema\\\/logo\\\/image\\\/\"},\"sameAs\":[\"https:\\\/\\\/www.linkedin.com\\\/company\\\/abd-consultor-a-y-soluciones-inform-ticas\\\/\"]},{\"@type\":\"Person\",\"@id\":\"https:\\\/\\\/www.abd.es\\\/#\\\/schema\\\/person\\\/bd3469092923b6f52814328e887e927a\",\"name\":\"Andr\u00e9s V\u00e1zquez Flores\",\"image\":{\"@type\":\"ImageObject\",\"inLanguage\":\"en-GB\",\"@id\":\"https:\\\/\\\/www.abd.es\\\/wp-content\\\/litespeed\\\/avatar\\\/1e2b895d874c98c700855da371c80a06.jpg?ver=1777281371\",\"url\":\"https:\\\/\\\/www.abd.es\\\/wp-content\\\/litespeed\\\/avatar\\\/1e2b895d874c98c700855da371c80a06.jpg?ver=1777281371\",\"contentUrl\":\"https:\\\/\\\/www.abd.es\\\/wp-content\\\/litespeed\\\/avatar\\\/1e2b895d874c98c700855da371c80a06.jpg?ver=1777281371\",\"caption\":\"Andr\u00e9s V\u00e1zquez Flores\"},\"description\":\"Soy profesional en Marketing Digital y Social Media en ABD Consultor\u00eda y Soluciones Inform\u00e1ticas. Ayudo a las empresas a alcanzar sus metas a trav\u00e9s de estrategias de marketing digital efectivas y una gesti\u00f3n eficiente de las redes sociales.\",\"sameAs\":[\"https:\\\/\\\/abd.es\\\/\"],\"url\":\"https:\\\/\\\/www.abd.es\\\/en\\\/author\\\/andres\\\/\"}]}<\/script>\n<!-- \/ Yoast SEO plugin. -->","yoast_head_json":{"title":"Actualizaci\u00f3n precios Dynamics on-premise 2026","description":"Subida de precios en Dynamics on-premises en 2026: impacto en Business Central, NAV y GP. Antic\u00edpate y optimiza tus costes.","robots":{"index":"index","follow":"follow","max-snippet":"max-snippet:-1","max-image-preview":"max-image-preview:large","max-video-preview":"max-video-preview:-1"},"canonical":"https:\/\/www.abd.es\/en\/2026\/04\/subida-precios-dynamics-on-premise-2026\/","og_locale":"en_GB","og_type":"article","og_title":"Actualizaci\u00f3n precios Dynamics on-premise 2026","og_description":"Subida de precios en Dynamics on-premises en 2026: impacto en Business Central, NAV y GP. Antic\u00edpate y optimiza tus costes.","og_url":"https:\/\/www.abd.es\/en\/2026\/04\/subida-precios-dynamics-on-premise-2026\/","og_site_name":"ABD Consultora Inform\u00e1tica","article_published_time":"2026-04-27T08:29:06+00:00","og_image":[{"width":1000,"height":563,"url":"https:\/\/www.abd.es\/wp-content\/uploads\/2026\/04\/Empresas-2026-04-21T094839.649.jpg","type":"image\/jpeg"}],"author":"Andr\u00e9s V\u00e1zquez Flores","twitter_card":"summary_large_image","twitter_misc":{"Written by":"Andr\u00e9s V\u00e1zquez Flores","Estimated reading time":"5 minutes"},"schema":{"@context":"https:\/\/schema.org","@graph":[{"@type":"Article","@id":"https:\/\/www.abd.es\/2026\/04\/subida-precios-dynamics-on-premise-2026\/#article","isPartOf":{"@id":"https:\/\/www.abd.es\/2026\/04\/subida-precios-dynamics-on-premise-2026\/"},"author":{"name":"Andr\u00e9s V\u00e1zquez Flores","@id":"https:\/\/www.abd.es\/#\/schema\/person\/bd3469092923b6f52814328e887e927a"},"headline":"Cambios en precios de Dynamics on-premises en 2026","datePublished":"2026-04-27T08:29:06+00:00","mainEntityOfPage":{"@id":"https:\/\/www.abd.es\/2026\/04\/subida-precios-dynamics-on-premise-2026\/"},"wordCount":673,"publisher":{"@id":"https:\/\/www.abd.es\/#organization"},"image":{"@id":"https:\/\/www.abd.es\/2026\/04\/subida-precios-dynamics-on-premise-2026\/#primaryimage"},"thumbnailUrl":"https:\/\/www.abd.es\/wp-content\/uploads\/2026\/04\/Empresas-2026-04-21T094839.649.jpg","keywords":["Dynamics 365 Business Central","Microsoft","Microsoft 365 Business Central"],"articleSection":["Articulos","Noticias","Noticias del Sector"],"inLanguage":"en-GB"},{"@type":"WebPage","@id":"https:\/\/www.abd.es\/2026\/04\/subida-precios-dynamics-on-premise-2026\/","url":"https:\/\/www.abd.es\/2026\/04\/subida-precios-dynamics-on-premise-2026\/","name":"Actualizaci\u00f3n precios Dynamics on-premise 2026","isPartOf":{"@id":"https:\/\/www.abd.es\/#website"},"primaryImageOfPage":{"@id":"https:\/\/www.abd.es\/2026\/04\/subida-precios-dynamics-on-premise-2026\/#primaryimage"},"image":{"@id":"https:\/\/www.abd.es\/2026\/04\/subida-precios-dynamics-on-premise-2026\/#primaryimage"},"thumbnailUrl":"https:\/\/www.abd.es\/wp-content\/uploads\/2026\/04\/Empresas-2026-04-21T094839.649.jpg","datePublished":"2026-04-27T08:29:06+00:00","description":"Subida de precios en Dynamics on-premises en 2026: impacto en Business Central, NAV y GP. Antic\u00edpate y optimiza tus costes.","breadcrumb":{"@id":"https:\/\/www.abd.es\/2026\/04\/subida-precios-dynamics-on-premise-2026\/#breadcrumb"},"inLanguage":"en-GB","potentialAction":[{"@type":"ReadAction","target":["https:\/\/www.abd.es\/2026\/04\/subida-precios-dynamics-on-premise-2026\/"]}]},{"@type":"ImageObject","inLanguage":"en-GB","@id":"https:\/\/www.abd.es\/2026\/04\/subida-precios-dynamics-on-premise-2026\/#primaryimage","url":"https:\/\/www.abd.es\/wp-content\/uploads\/2026\/04\/Empresas-2026-04-21T094839.649.jpg","contentUrl":"https:\/\/www.abd.es\/wp-content\/uploads\/2026\/04\/Empresas-2026-04-21T094839.649.jpg","width":1000,"height":563,"caption":"precios Dynamics on-premise 2026"},{"@type":"BreadcrumbList","@id":"https:\/\/www.abd.es\/2026\/04\/subida-precios-dynamics-on-premise-2026\/#breadcrumb","itemListElement":[{"@type":"ListItem","position":1,"name":"Portada","item":"https:\/\/www.abd.es\/"},{"@type":"ListItem","position":2,"name":"Cambios en precios de Dynamics on-premises en 2026"}]},{"@type":"WebSite","@id":"https:\/\/www.abd.es\/#website","url":"https:\/\/www.abd.es\/","name":"ABD IT Consulting","description":"Business Solutions | Microsoft Gold Partner","publisher":{"@id":"https:\/\/www.abd.es\/#organization"},"potentialAction":[{"@type":"SearchAction","target":{"@type":"EntryPoint","urlTemplate":"https:\/\/www.abd.es\/?s={search_term_string}"},"query-input":{"@type":"PropertyValueSpecification","valueRequired":true,"valueName":"search_term_string"}}],"inLanguage":"en-GB"},{"@type":"Organization","@id":"https:\/\/www.abd.es\/#organization","name":"ABD IT Consulting","url":"https:\/\/www.abd.es\/","logo":{"@type":"ImageObject","inLanguage":"en-GB","@id":"https:\/\/www.abd.es\/#\/schema\/logo\/image\/","url":"https:\/\/www.abd.es\/wp-content\/uploads\/2023\/09\/cropped-consultoria-informatica-11.png","contentUrl":"https:\/\/www.abd.es\/wp-content\/uploads\/2023\/09\/cropped-consultoria-informatica-11.png","width":64,"height":64,"caption":"ABD Consultora Inform\u00e1tica"},"image":{"@id":"https:\/\/www.abd.es\/#\/schema\/logo\/image\/"},"sameAs":["https:\/\/www.linkedin.com\/company\/abd-consultor-a-y-soluciones-inform-ticas\/"]},{"@type":"Person","@id":"https:\/\/www.abd.es\/#\/schema\/person\/bd3469092923b6f52814328e887e927a","name":"Andr\u00e9s V\u00e1zquez Flores","image":{"@type":"ImageObject","inLanguage":"en-GB","@id":"https:\/\/www.abd.es\/wp-content\/litespeed\/avatar\/1e2b895d874c98c700855da371c80a06.jpg?ver=1777281371","url":"https:\/\/www.abd.es\/wp-content\/litespeed\/avatar\/1e2b895d874c98c700855da371c80a06.jpg?ver=1777281371","contentUrl":"https:\/\/www.abd.es\/wp-content\/litespeed\/avatar\/1e2b895d874c98c700855da371c80a06.jpg?ver=1777281371","caption":"Andr\u00e9s V\u00e1zquez Flores"},"description":"Soy profesional en Marketing Digital y Social Media en ABD Consultor\u00eda y Soluciones Inform\u00e1ticas. Ayudo a las empresas a alcanzar sus metas a trav\u00e9s de estrategias de marketing digital efectivas y una gesti\u00f3n eficiente de las redes sociales.","sameAs":["https:\/\/abd.es\/"],"url":"https:\/\/www.abd.es\/en\/author\/andres\/"}]}},"_links":{"self":[{"href":"https:\/\/www.abd.es\/en\/wp-json\/wp\/v2\/posts\/35879","targetHints":{"allow":["GET"]}}],"collection":[{"href":"https:\/\/www.abd.es\/en\/wp-json\/wp\/v2\/posts"}],"about":[{"href":"https:\/\/www.abd.es\/en\/wp-json\/wp\/v2\/types\/post"}],"author":[{"embeddable":true,"href":"https:\/\/www.abd.es\/en\/wp-json\/wp\/v2\/users\/24"}],"replies":[{"embeddable":true,"href":"https:\/\/www.abd.es\/en\/wp-json\/wp\/v2\/comments?post=35879"}],"version-history":[{"count":1,"href":"https:\/\/www.abd.es\/en\/wp-json\/wp\/v2\/posts\/35879\/revisions"}],"predecessor-version":[{"id":35885,"href":"https:\/\/www.abd.es\/en\/wp-json\/wp\/v2\/posts\/35879\/revisions\/35885"}],"wp:featuredmedia":[{"embeddable":true,"href":"https:\/\/www.abd.es\/en\/wp-json\/wp\/v2\/media\/35880"}],"wp:attachment":[{"href":"https:\/\/www.abd.es\/en\/wp-json\/wp\/v2\/media?parent=35879"}],"wp:term":[{"taxonomy":"category","embeddable":true,"href":"https:\/\/www.abd.es\/en\/wp-json\/wp\/v2\/categories?post=35879"},{"taxonomy":"post_tag","embeddable":true,"href":"https:\/\/www.abd.es\/en\/wp-json\/wp\/v2\/tags?post=35879"}],"curies":[{"name":"wp","href":"https:\/\/api.w.org\/{rel}","templated":true}]}}