{"id":6328,"date":"2013-02-01T09:05:31","date_gmt":"2013-02-01T08:05:31","guid":{"rendered":"http:\/\/abd.es\/?p=2439"},"modified":"2023-11-30T14:44:44","modified_gmt":"2023-11-30T13:44:44","slug":"configurar-en-nav-para-tratar-correctamente-la-inversion-de-sujeto-pasivo-del-iva","status":"publish","type":"post","link":"https:\/\/www.abd.es\/en\/2013\/02\/configurar-en-nav-para-tratar-correctamente-la-inversion-de-sujeto-pasivo-del-iva\/","title":{"rendered":"Configurar en NAV para tratar correctamente la Inversion de sujeto pasivo del IVA"},"content":{"rendered":"<p>Vamos a tratar un tema actual, como es la inversi\u00f3n del sujeto pasivo del IVA desde el punto de vista contable.<!--more--><\/p>\n<p>La Ley 7\/2012, modifica el art. 84.2 de la Ley del IVA introduciendo un nuevo punto, el f), que dice:<\/p>\n<p>\u201cCuando se trate de ejecuciones de obra, con o sin aportaci\u00f3n de materiales, as\u00ed como las cesiones de personal para su realizaci\u00f3n, consecuencia de contratos directamente formalizados entre el promotor y el contratista que tengan por objeto la urbanizaci\u00f3n de terrenos o la construcci\u00f3n o rehabilitaci\u00f3n de edificaciones.<\/p>\n<p>Lo establecido en el p\u00e1rrafo anterior ser\u00e1 tambi\u00e9n de aplicaci\u00f3n cuando los destinatarios de las operaciones sean a su vez el contratista principal u otros subcontratistas en las condiciones se\u00f1aladas.\u201d<\/p>\n<p>En este caso se produce la inversi\u00f3n del sujeto pasivo.<\/p>\n<p>El subcontratista que emite la factura sin IVA tendr\u00e1 que indicar que se produce una \u201cinversi\u00f3n del sujeto pasivo, en funci\u00f3n del art. 84.2.f)\u201d \u00a0y por lo tanto, no incluir\u00e1 el IVA repercutido en su libro de facturas. Esto habr\u00e1 que expresarlo en la factura.<\/p>\n<p>Mientras que el contratista que recibe el servicio incluye el IVA soportado y el repercutido como consecuencia de la inversi\u00f3n del sujeto pasivo, tendr\u00e1 que hacerlo constar tambi\u00e9n en la factura que se ha producido la inversi\u00f3n del sujeto pasivo por el mismo motivo.\u201cInversi\u00f3n del sujeto pasivo, en funci\u00f3n del art. 84.2.f)\u201d<\/p>\n<p>Debe generarse dos documentos, uno para el Registro de Facturas Recibidas y otro para el de Facturas Emitidas, ambos con el mismo importe. Ser\u00eda algo as\u00ed como el tema de las adquisiciones intracomunitarias de bienes, en las cuales se tiene que autoliquidar el IVA soportado y repercutido. Hay que recordar que hace tiempo, en estos casos se ten\u00eda la obligaci\u00f3n de realizar la autofactura, ahora ya no es necesaria la realizaci\u00f3n f\u00edsica de la misma, pero hay que contabilizar el IVA soportado, y tambi\u00e9n el IVA repercutido por el\u00a0 mismo importe, por inversi\u00f3n del sujeto pasivo, con la explicaci\u00f3n de: \u201cinversi\u00f3n del sujeto pasivo, en funci\u00f3n del art. 84.2.f)\u201d<\/p>\n<p>Desde el punto de vista del contratista, el que realiza la compra, en NAV deberemos acceder al formulario o p\u00e1gina \u201cconfiguraci\u00f3n de grupos registro de IVA\u201d y para un nuevo \u201cgrupo registro IVA negocio\u201d que podr\u00edamos llamar \u201cISP\u201d determinar cada combinaci\u00f3n posible con los grupos registros IVA producto y a cada una de ellas indicar adem\u00e1s del % de IVA correspondiente un tipo de c\u00e1lculo de IVA \u201cReversion\u201d. Tras esto indicar la cuenta de IVA soportado (472 correspondiente) y la cuenta de reversi\u00f3n (477) que aconsejo sea distinta a la habitual de IVA repercutido.<\/p>\n<p>Tras esto el siguiente aspecto a tratar a nivel de configuraci\u00f3n es incluir la combinaci\u00f3n de grupo registro IVA negocio y producto en las declaraciones IVA bajo un ep\u00edgrafe \u201cinversi\u00f3n sujeto pasivo\u201d por un lado como IVA devengado y por otro como IVA deducible.<\/p>\n<p>Por \u00faltimo y para agilizar la introducci\u00f3n de datos recomendamos incluir un c\u00f3digo de concepto est\u00e1ndar para completar en documentos la obligatoriedad de indicar \u201cInversi\u00f3n del sujeto pasivo, en funci\u00f3n del art. 84.2.f\u201d<\/p>","protected":false},"excerpt":{"rendered":"<p>Vamos a tratar un tema actual, como es la inversi\u00f3n del sujeto pasivo del IVA desde el punto de vista contable.<\/p>","protected":false},"author":15,"featured_media":6330,"comment_status":"closed","ping_status":"closed","sticky":false,"template":"","format":"standard","meta":{"_uf_show_specific_survey":0,"_uf_disable_surveys":false,"footnotes":""},"categories":[88],"tags":[],"class_list":["post-6328","post","type-post","status-publish","format-standard","has-post-thumbnail","hentry","category-actualidad-abd"],"yoast_head":"<!-- This site is optimized with the Yoast SEO plugin v27.5 - https:\/\/yoast.com\/product\/yoast-seo-wordpress\/ -->\n<title>Configurar en NAV para tratar correctamente la Inversion de sujeto pasivo del IVA - ABD Consultora Inform\u00e1tica<\/title>\n<meta name=\"robots\" content=\"index, follow, max-snippet:-1, max-image-preview:large, max-video-preview:-1\" \/>\n<link rel=\"canonical\" href=\"https:\/\/www.abd.es\/en\/2013\/02\/configurar-en-nav-para-tratar-correctamente-la-inversion-de-sujeto-pasivo-del-iva\/\" \/>\n<meta property=\"og:locale\" content=\"en_GB\" \/>\n<meta property=\"og:type\" content=\"article\" \/>\n<meta property=\"og:title\" content=\"Configurar en NAV para tratar correctamente la Inversion de sujeto pasivo del IVA - ABD Consultora Inform\u00e1tica\" \/>\n<meta property=\"og:description\" content=\"Vamos a tratar un tema actual, como es la inversi\u00f3n del sujeto pasivo del IVA desde el punto de vista contable.\" \/>\n<meta property=\"og:url\" content=\"https:\/\/www.abd.es\/en\/2013\/02\/configurar-en-nav-para-tratar-correctamente-la-inversion-de-sujeto-pasivo-del-iva\/\" \/>\n<meta property=\"og:site_name\" content=\"ABD Consultora Inform\u00e1tica\" \/>\n<meta property=\"article:published_time\" content=\"2013-02-01T08:05:31+00:00\" \/>\n<meta property=\"article:modified_time\" content=\"2023-11-30T13:44:44+00:00\" \/>\n<meta property=\"og:image\" content=\"https:\/\/www.abd.es\/wp-content\/uploads\/2013\/02\/20130131_c_portada.jpg\" \/>\n\t<meta property=\"og:image:width\" content=\"280\" \/>\n\t<meta property=\"og:image:height\" content=\"140\" \/>\n\t<meta property=\"og:image:type\" content=\"image\/jpeg\" \/>\n<meta name=\"author\" content=\"Eduardo Mar\u00edn\" \/>\n<meta name=\"twitter:card\" content=\"summary_large_image\" \/>\n<meta name=\"twitter:label1\" content=\"Written by\" \/>\n\t<meta name=\"twitter:data1\" content=\"Eduardo Mar\u00edn\" \/>\n\t<meta name=\"twitter:label2\" content=\"Estimated reading time\" \/>\n\t<meta name=\"twitter:data2\" content=\"3 minutes\" \/>\n<script type=\"application\/ld+json\" class=\"yoast-schema-graph\">{\"@context\":\"https:\\\/\\\/schema.org\",\"@graph\":[{\"@type\":\"Article\",\"@id\":\"https:\\\/\\\/www.abd.es\\\/2013\\\/02\\\/configurar-en-nav-para-tratar-correctamente-la-inversion-de-sujeto-pasivo-del-iva\\\/#article\",\"isPartOf\":{\"@id\":\"https:\\\/\\\/www.abd.es\\\/2013\\\/02\\\/configurar-en-nav-para-tratar-correctamente-la-inversion-de-sujeto-pasivo-del-iva\\\/\"},\"author\":{\"name\":\"Eduardo Mar\u00edn\",\"@id\":\"https:\\\/\\\/www.abd.es\\\/#\\\/schema\\\/person\\\/fa5189796069d84f188753b63dd11758\"},\"headline\":\"Configurar en NAV para tratar correctamente la Inversion de sujeto pasivo del IVA\",\"datePublished\":\"2013-02-01T08:05:31+00:00\",\"dateModified\":\"2023-11-30T13:44:44+00:00\",\"mainEntityOfPage\":{\"@id\":\"https:\\\/\\\/www.abd.es\\\/2013\\\/02\\\/configurar-en-nav-para-tratar-correctamente-la-inversion-de-sujeto-pasivo-del-iva\\\/\"},\"wordCount\":559,\"publisher\":{\"@id\":\"https:\\\/\\\/www.abd.es\\\/#organization\"},\"image\":{\"@id\":\"https:\\\/\\\/www.abd.es\\\/2013\\\/02\\\/configurar-en-nav-para-tratar-correctamente-la-inversion-de-sujeto-pasivo-del-iva\\\/#primaryimage\"},\"thumbnailUrl\":\"https:\\\/\\\/www.abd.es\\\/wp-content\\\/uploads\\\/2013\\\/02\\\/20130131_c_portada.jpg\",\"articleSection\":[\"Actualidad ABD\"],\"inLanguage\":\"en-GB\"},{\"@type\":\"WebPage\",\"@id\":\"https:\\\/\\\/www.abd.es\\\/2013\\\/02\\\/configurar-en-nav-para-tratar-correctamente-la-inversion-de-sujeto-pasivo-del-iva\\\/\",\"url\":\"https:\\\/\\\/www.abd.es\\\/2013\\\/02\\\/configurar-en-nav-para-tratar-correctamente-la-inversion-de-sujeto-pasivo-del-iva\\\/\",\"name\":\"Configurar en NAV para tratar correctamente la Inversion de sujeto pasivo del IVA - ABD Consultora Inform\u00e1tica\",\"isPartOf\":{\"@id\":\"https:\\\/\\\/www.abd.es\\\/#website\"},\"primaryImageOfPage\":{\"@id\":\"https:\\\/\\\/www.abd.es\\\/2013\\\/02\\\/configurar-en-nav-para-tratar-correctamente-la-inversion-de-sujeto-pasivo-del-iva\\\/#primaryimage\"},\"image\":{\"@id\":\"https:\\\/\\\/www.abd.es\\\/2013\\\/02\\\/configurar-en-nav-para-tratar-correctamente-la-inversion-de-sujeto-pasivo-del-iva\\\/#primaryimage\"},\"thumbnailUrl\":\"https:\\\/\\\/www.abd.es\\\/wp-content\\\/uploads\\\/2013\\\/02\\\/20130131_c_portada.jpg\",\"datePublished\":\"2013-02-01T08:05:31+00:00\",\"dateModified\":\"2023-11-30T13:44:44+00:00\",\"breadcrumb\":{\"@id\":\"https:\\\/\\\/www.abd.es\\\/2013\\\/02\\\/configurar-en-nav-para-tratar-correctamente-la-inversion-de-sujeto-pasivo-del-iva\\\/#breadcrumb\"},\"inLanguage\":\"en-GB\",\"potentialAction\":[{\"@type\":\"ReadAction\",\"target\":[\"https:\\\/\\\/www.abd.es\\\/2013\\\/02\\\/configurar-en-nav-para-tratar-correctamente-la-inversion-de-sujeto-pasivo-del-iva\\\/\"]}]},{\"@type\":\"ImageObject\",\"inLanguage\":\"en-GB\",\"@id\":\"https:\\\/\\\/www.abd.es\\\/2013\\\/02\\\/configurar-en-nav-para-tratar-correctamente-la-inversion-de-sujeto-pasivo-del-iva\\\/#primaryimage\",\"url\":\"https:\\\/\\\/www.abd.es\\\/wp-content\\\/uploads\\\/2013\\\/02\\\/20130131_c_portada.jpg\",\"contentUrl\":\"https:\\\/\\\/www.abd.es\\\/wp-content\\\/uploads\\\/2013\\\/02\\\/20130131_c_portada.jpg\",\"width\":280,\"height\":140},{\"@type\":\"BreadcrumbList\",\"@id\":\"https:\\\/\\\/www.abd.es\\\/2013\\\/02\\\/configurar-en-nav-para-tratar-correctamente-la-inversion-de-sujeto-pasivo-del-iva\\\/#breadcrumb\",\"itemListElement\":[{\"@type\":\"ListItem\",\"position\":1,\"name\":\"Portada\",\"item\":\"https:\\\/\\\/www.abd.es\\\/\"},{\"@type\":\"ListItem\",\"position\":2,\"name\":\"Configurar en NAV para tratar correctamente la Inversion de sujeto pasivo del IVA\"}]},{\"@type\":\"WebSite\",\"@id\":\"https:\\\/\\\/www.abd.es\\\/#website\",\"url\":\"https:\\\/\\\/www.abd.es\\\/\",\"name\":\"ABD Consultora Inform\u00e1tica\",\"description\":\"Soluciones Empresariales | Microsoft Gold Partner\",\"publisher\":{\"@id\":\"https:\\\/\\\/www.abd.es\\\/#organization\"},\"potentialAction\":[{\"@type\":\"SearchAction\",\"target\":{\"@type\":\"EntryPoint\",\"urlTemplate\":\"https:\\\/\\\/www.abd.es\\\/?s={search_term_string}\"},\"query-input\":{\"@type\":\"PropertyValueSpecification\",\"valueRequired\":true,\"valueName\":\"search_term_string\"}}],\"inLanguage\":\"en-GB\"},{\"@type\":\"Organization\",\"@id\":\"https:\\\/\\\/www.abd.es\\\/#organization\",\"name\":\"ABD Consultora Inform\u00e1tica\",\"url\":\"https:\\\/\\\/www.abd.es\\\/\",\"logo\":{\"@type\":\"ImageObject\",\"inLanguage\":\"en-GB\",\"@id\":\"https:\\\/\\\/www.abd.es\\\/#\\\/schema\\\/logo\\\/image\\\/\",\"url\":\"https:\\\/\\\/www.abd.es\\\/wp-content\\\/uploads\\\/2023\\\/09\\\/cropped-consultoria-informatica-11.png\",\"contentUrl\":\"https:\\\/\\\/www.abd.es\\\/wp-content\\\/uploads\\\/2023\\\/09\\\/cropped-consultoria-informatica-11.png\",\"width\":64,\"height\":64,\"caption\":\"ABD Consultora Inform\u00e1tica\"},\"image\":{\"@id\":\"https:\\\/\\\/www.abd.es\\\/#\\\/schema\\\/logo\\\/image\\\/\"},\"sameAs\":[\"https:\\\/\\\/www.linkedin.com\\\/company\\\/abd-consultor-a-y-soluciones-inform-ticas\\\/\"]},{\"@type\":\"Person\",\"@id\":\"https:\\\/\\\/www.abd.es\\\/#\\\/schema\\\/person\\\/fa5189796069d84f188753b63dd11758\",\"name\":\"Eduardo Mar\u00edn\",\"image\":{\"@type\":\"ImageObject\",\"inLanguage\":\"en-GB\",\"@id\":\"https:\\\/\\\/www.abd.es\\\/wp-content\\\/litespeed\\\/avatar\\\/402efef91608c2ab868cc41c36adbcb5.jpg?ver=1777403842\",\"url\":\"https:\\\/\\\/www.abd.es\\\/wp-content\\\/litespeed\\\/avatar\\\/402efef91608c2ab868cc41c36adbcb5.jpg?ver=1777403842\",\"contentUrl\":\"https:\\\/\\\/www.abd.es\\\/wp-content\\\/litespeed\\\/avatar\\\/402efef91608c2ab868cc41c36adbcb5.jpg?ver=1777403842\",\"caption\":\"Eduardo Mar\u00edn\"},\"description\":\"Como Director de Operaciones en ABD Consultor\u00eda y Soluciones Inform\u00e1ticas, me especializo en Dynamics NAV y Microsoft Dynamics 365 Business Central (anteriormente NAVISION). Con m\u00e1s de 25 a\u00f1os de experiencia, he ayudado a decenas de empresas a optimizar sus procesos de negocio e implementar soluciones ERP y CRM. Mi enfoque es generar valor a trav\u00e9s de la optimizaci\u00f3n de procesos y la implementaci\u00f3n de soluciones ERP, asegurando cambios escalables y asumibles tanto operativa como financieramente. Trabajo estrechamente con directivos y propietarios de negocios para alcanzar sus objetivos empresariales.\",\"url\":\"https:\\\/\\\/www.abd.es\\\/en\\\/author\\\/emarin\\\/\"}]}<\/script>\n<!-- \/ Yoast SEO plugin. -->","yoast_head_json":{"title":"Configurar en NAV para tratar correctamente la Inversion de sujeto pasivo del IVA - ABD Consultora Inform\u00e1tica","robots":{"index":"index","follow":"follow","max-snippet":"max-snippet:-1","max-image-preview":"max-image-preview:large","max-video-preview":"max-video-preview:-1"},"canonical":"https:\/\/www.abd.es\/en\/2013\/02\/configurar-en-nav-para-tratar-correctamente-la-inversion-de-sujeto-pasivo-del-iva\/","og_locale":"en_GB","og_type":"article","og_title":"Configurar en NAV para tratar correctamente la Inversion de sujeto pasivo del IVA - ABD Consultora Inform\u00e1tica","og_description":"Vamos a tratar un tema actual, como es la inversi\u00f3n del sujeto pasivo del IVA desde el punto de vista contable.","og_url":"https:\/\/www.abd.es\/en\/2013\/02\/configurar-en-nav-para-tratar-correctamente-la-inversion-de-sujeto-pasivo-del-iva\/","og_site_name":"ABD Consultora Inform\u00e1tica","article_published_time":"2013-02-01T08:05:31+00:00","article_modified_time":"2023-11-30T13:44:44+00:00","og_image":[{"width":280,"height":140,"url":"https:\/\/www.abd.es\/wp-content\/uploads\/2013\/02\/20130131_c_portada.jpg","type":"image\/jpeg"}],"author":"Eduardo Mar\u00edn","twitter_card":"summary_large_image","twitter_misc":{"Written by":"Eduardo Mar\u00edn","Estimated reading time":"3 minutes"},"schema":{"@context":"https:\/\/schema.org","@graph":[{"@type":"Article","@id":"https:\/\/www.abd.es\/2013\/02\/configurar-en-nav-para-tratar-correctamente-la-inversion-de-sujeto-pasivo-del-iva\/#article","isPartOf":{"@id":"https:\/\/www.abd.es\/2013\/02\/configurar-en-nav-para-tratar-correctamente-la-inversion-de-sujeto-pasivo-del-iva\/"},"author":{"name":"Eduardo Mar\u00edn","@id":"https:\/\/www.abd.es\/#\/schema\/person\/fa5189796069d84f188753b63dd11758"},"headline":"Configurar en NAV para tratar correctamente la Inversion de sujeto pasivo del IVA","datePublished":"2013-02-01T08:05:31+00:00","dateModified":"2023-11-30T13:44:44+00:00","mainEntityOfPage":{"@id":"https:\/\/www.abd.es\/2013\/02\/configurar-en-nav-para-tratar-correctamente-la-inversion-de-sujeto-pasivo-del-iva\/"},"wordCount":559,"publisher":{"@id":"https:\/\/www.abd.es\/#organization"},"image":{"@id":"https:\/\/www.abd.es\/2013\/02\/configurar-en-nav-para-tratar-correctamente-la-inversion-de-sujeto-pasivo-del-iva\/#primaryimage"},"thumbnailUrl":"https:\/\/www.abd.es\/wp-content\/uploads\/2013\/02\/20130131_c_portada.jpg","articleSection":["Actualidad ABD"],"inLanguage":"en-GB"},{"@type":"WebPage","@id":"https:\/\/www.abd.es\/2013\/02\/configurar-en-nav-para-tratar-correctamente-la-inversion-de-sujeto-pasivo-del-iva\/","url":"https:\/\/www.abd.es\/2013\/02\/configurar-en-nav-para-tratar-correctamente-la-inversion-de-sujeto-pasivo-del-iva\/","name":"Configurar en NAV para tratar correctamente la Inversion de sujeto pasivo del IVA - ABD Consultora Inform\u00e1tica","isPartOf":{"@id":"https:\/\/www.abd.es\/#website"},"primaryImageOfPage":{"@id":"https:\/\/www.abd.es\/2013\/02\/configurar-en-nav-para-tratar-correctamente-la-inversion-de-sujeto-pasivo-del-iva\/#primaryimage"},"image":{"@id":"https:\/\/www.abd.es\/2013\/02\/configurar-en-nav-para-tratar-correctamente-la-inversion-de-sujeto-pasivo-del-iva\/#primaryimage"},"thumbnailUrl":"https:\/\/www.abd.es\/wp-content\/uploads\/2013\/02\/20130131_c_portada.jpg","datePublished":"2013-02-01T08:05:31+00:00","dateModified":"2023-11-30T13:44:44+00:00","breadcrumb":{"@id":"https:\/\/www.abd.es\/2013\/02\/configurar-en-nav-para-tratar-correctamente-la-inversion-de-sujeto-pasivo-del-iva\/#breadcrumb"},"inLanguage":"en-GB","potentialAction":[{"@type":"ReadAction","target":["https:\/\/www.abd.es\/2013\/02\/configurar-en-nav-para-tratar-correctamente-la-inversion-de-sujeto-pasivo-del-iva\/"]}]},{"@type":"ImageObject","inLanguage":"en-GB","@id":"https:\/\/www.abd.es\/2013\/02\/configurar-en-nav-para-tratar-correctamente-la-inversion-de-sujeto-pasivo-del-iva\/#primaryimage","url":"https:\/\/www.abd.es\/wp-content\/uploads\/2013\/02\/20130131_c_portada.jpg","contentUrl":"https:\/\/www.abd.es\/wp-content\/uploads\/2013\/02\/20130131_c_portada.jpg","width":280,"height":140},{"@type":"BreadcrumbList","@id":"https:\/\/www.abd.es\/2013\/02\/configurar-en-nav-para-tratar-correctamente-la-inversion-de-sujeto-pasivo-del-iva\/#breadcrumb","itemListElement":[{"@type":"ListItem","position":1,"name":"Portada","item":"https:\/\/www.abd.es\/"},{"@type":"ListItem","position":2,"name":"Configurar en NAV para tratar correctamente la Inversion de sujeto pasivo del IVA"}]},{"@type":"WebSite","@id":"https:\/\/www.abd.es\/#website","url":"https:\/\/www.abd.es\/","name":"ABD IT Consulting","description":"Business Solutions | Microsoft Gold Partner","publisher":{"@id":"https:\/\/www.abd.es\/#organization"},"potentialAction":[{"@type":"SearchAction","target":{"@type":"EntryPoint","urlTemplate":"https:\/\/www.abd.es\/?s={search_term_string}"},"query-input":{"@type":"PropertyValueSpecification","valueRequired":true,"valueName":"search_term_string"}}],"inLanguage":"en-GB"},{"@type":"Organization","@id":"https:\/\/www.abd.es\/#organization","name":"ABD IT Consulting","url":"https:\/\/www.abd.es\/","logo":{"@type":"ImageObject","inLanguage":"en-GB","@id":"https:\/\/www.abd.es\/#\/schema\/logo\/image\/","url":"https:\/\/www.abd.es\/wp-content\/uploads\/2023\/09\/cropped-consultoria-informatica-11.png","contentUrl":"https:\/\/www.abd.es\/wp-content\/uploads\/2023\/09\/cropped-consultoria-informatica-11.png","width":64,"height":64,"caption":"ABD Consultora Inform\u00e1tica"},"image":{"@id":"https:\/\/www.abd.es\/#\/schema\/logo\/image\/"},"sameAs":["https:\/\/www.linkedin.com\/company\/abd-consultor-a-y-soluciones-inform-ticas\/"]},{"@type":"Person","@id":"https:\/\/www.abd.es\/#\/schema\/person\/fa5189796069d84f188753b63dd11758","name":"Eduardo Mar\u00edn","image":{"@type":"ImageObject","inLanguage":"en-GB","@id":"https:\/\/www.abd.es\/wp-content\/litespeed\/avatar\/402efef91608c2ab868cc41c36adbcb5.jpg?ver=1777403842","url":"https:\/\/www.abd.es\/wp-content\/litespeed\/avatar\/402efef91608c2ab868cc41c36adbcb5.jpg?ver=1777403842","contentUrl":"https:\/\/www.abd.es\/wp-content\/litespeed\/avatar\/402efef91608c2ab868cc41c36adbcb5.jpg?ver=1777403842","caption":"Eduardo Mar\u00edn"},"description":"Como Director de Operaciones en ABD Consultor\u00eda y Soluciones Inform\u00e1ticas, me especializo en Dynamics NAV y Microsoft Dynamics 365 Business Central (anteriormente NAVISION). Con m\u00e1s de 25 a\u00f1os de experiencia, he ayudado a decenas de empresas a optimizar sus procesos de negocio e implementar soluciones ERP y CRM. Mi enfoque es generar valor a trav\u00e9s de la optimizaci\u00f3n de procesos y la implementaci\u00f3n de soluciones ERP, asegurando cambios escalables y asumibles tanto operativa como financieramente. Trabajo estrechamente con directivos y propietarios de negocios para alcanzar sus objetivos empresariales.","url":"https:\/\/www.abd.es\/en\/author\/emarin\/"}]}},"_links":{"self":[{"href":"https:\/\/www.abd.es\/en\/wp-json\/wp\/v2\/posts\/6328","targetHints":{"allow":["GET"]}}],"collection":[{"href":"https:\/\/www.abd.es\/en\/wp-json\/wp\/v2\/posts"}],"about":[{"href":"https:\/\/www.abd.es\/en\/wp-json\/wp\/v2\/types\/post"}],"author":[{"embeddable":true,"href":"https:\/\/www.abd.es\/en\/wp-json\/wp\/v2\/users\/15"}],"replies":[{"embeddable":true,"href":"https:\/\/www.abd.es\/en\/wp-json\/wp\/v2\/comments?post=6328"}],"version-history":[{"count":1,"href":"https:\/\/www.abd.es\/en\/wp-json\/wp\/v2\/posts\/6328\/revisions"}],"predecessor-version":[{"id":14390,"href":"https:\/\/www.abd.es\/en\/wp-json\/wp\/v2\/posts\/6328\/revisions\/14390"}],"wp:featuredmedia":[{"embeddable":true,"href":"https:\/\/www.abd.es\/en\/wp-json\/wp\/v2\/media\/6330"}],"wp:attachment":[{"href":"https:\/\/www.abd.es\/en\/wp-json\/wp\/v2\/media?parent=6328"}],"wp:term":[{"taxonomy":"category","embeddable":true,"href":"https:\/\/www.abd.es\/en\/wp-json\/wp\/v2\/categories?post=6328"},{"taxonomy":"post_tag","embeddable":true,"href":"https:\/\/www.abd.es\/en\/wp-json\/wp\/v2\/tags?post=6328"}],"curies":[{"name":"wp","href":"https:\/\/api.w.org\/{rel}","templated":true}]}}