{"id":6735,"date":"2014-06-26T08:36:39","date_gmt":"2014-06-26T06:36:39","guid":{"rendered":"http:\/\/abd.proavan.com\/?p=5139"},"modified":"2023-11-30T16:25:19","modified_gmt":"2023-11-30T15:25:19","slug":"almacenamiento-orientado-las-necesidades-del-negocio","status":"publish","type":"post","link":"https:\/\/www.abd.es\/en\/2014\/06\/almacenamiento-orientado-las-necesidades-del-negocio\/","title":{"rendered":"FUJITSU, la mejor inversi\u00f3n en Almacenamiento"},"content":{"rendered":"<p>Almacenamiento orientado a las necesidades del negocio. <!--more-->Hoy en d\u00eda, el almacenamiento se enfrenta a grandes retos, la informaci\u00f3n crece un 50% cada a\u00f1o e incluso un 100% en algunas industrias<a href=\"https:\/\/www.abd.es\/wp-content\/uploads\/2014\/06\/images7.jpg\"><img fetchpriority=\"high\" decoding=\"async\" class=\"alignright size-full wp-image-5147\" style=\"width: 174px; height: 156px;\" alt=\"images[7]\" src=\"https:\/\/www.abd.es\/wp-content\/uploads\/2014\/06\/images7.jpg\" width=\"217\" height=\"232\" \/><\/a><\/p>\n<p>La respuesta claramente est\u00e1 en adaptar las soluciones de almacenamiento a las necesidades del negocio.<br \/>\nFUJITSU con su nueva generaci\u00f3n de ETERNUS DX S3 Y ETERNUS CS. Unos sistemas que unifican los recursos de almacenamiento y los alinea con las prioridades de los negocios de las empresas, optimizando la consolidaci\u00f3n, reduciendo considerablemente las tareas de administraci\u00f3n y gesti\u00f3n, maximizando la utilizaci\u00f3n y minimizando los costes de propiedad.<\/p>\n<p>En ABD te ayudamos con tu proyecto de Almacenamiento&#8230;&#8230;<\/p>\n","protected":false},"excerpt":{"rendered":"<p>Almacenamiento orientado a las necesidades del negocio.<\/p>","protected":false},"author":18,"featured_media":6739,"comment_status":"closed","ping_status":"closed","sticky":false,"template":"","format":"standard","meta":{"_uf_show_specific_survey":0,"_uf_disable_surveys":false,"footnotes":""},"categories":[88],"tags":[247,248],"class_list":["post-6735","post","type-post","status-publish","format-standard","has-post-thumbnail","hentry","category-actualidad-abd","tag-almacenamiento","tag-granularidad-en-el-crecimiento"],"yoast_head":"<!-- This site is optimized with the Yoast SEO plugin v27.5 - https:\/\/yoast.com\/product\/yoast-seo-wordpress\/ -->\n<title>FUJITSU, la mejor inversi\u00f3n en Almacenamiento - ABD Consultora Inform\u00e1tica<\/title>\n<meta name=\"robots\" content=\"index, follow, max-snippet:-1, max-image-preview:large, max-video-preview:-1\" \/>\n<link rel=\"canonical\" href=\"https:\/\/www.abd.es\/en\/2014\/06\/almacenamiento-orientado-las-necesidades-del-negocio\/\" \/>\n<meta property=\"og:locale\" content=\"en_GB\" \/>\n<meta property=\"og:type\" content=\"article\" \/>\n<meta property=\"og:title\" content=\"FUJITSU, la mejor inversi\u00f3n en Almacenamiento - ABD Consultora Inform\u00e1tica\" \/>\n<meta property=\"og:description\" content=\"Almacenamiento orientado a las necesidades del negocio.\" \/>\n<meta property=\"og:url\" content=\"https:\/\/www.abd.es\/en\/2014\/06\/almacenamiento-orientado-las-necesidades-del-negocio\/\" \/>\n<meta property=\"og:site_name\" content=\"ABD Consultora Inform\u00e1tica\" \/>\n<meta property=\"article:published_time\" content=\"2014-06-26T06:36:39+00:00\" \/>\n<meta property=\"article:modified_time\" content=\"2023-11-30T15:25:19+00:00\" \/>\n<meta property=\"og:image\" content=\"https:\/\/www.abd.es\/wp-content\/uploads\/2014\/06\/imagesCABGWVAD.jpg\" \/>\n\t<meta property=\"og:image:width\" content=\"259\" \/>\n\t<meta property=\"og:image:height\" content=\"194\" \/>\n\t<meta property=\"og:image:type\" content=\"image\/jpeg\" \/>\n<meta name=\"author\" content=\"Jes\u00fas Delgadillo\" \/>\n<meta name=\"twitter:card\" content=\"summary_large_image\" \/>\n<meta name=\"twitter:label1\" content=\"Written by\" \/>\n\t<meta name=\"twitter:data1\" content=\"Jes\u00fas Delgadillo\" \/>\n\t<meta name=\"twitter:label2\" content=\"Estimated reading time\" \/>\n\t<meta name=\"twitter:data2\" content=\"1 minute\" \/>\n<script type=\"application\/ld+json\" class=\"yoast-schema-graph\">{\"@context\":\"https:\\\/\\\/schema.org\",\"@graph\":[{\"@type\":\"Article\",\"@id\":\"https:\\\/\\\/www.abd.es\\\/2014\\\/06\\\/almacenamiento-orientado-las-necesidades-del-negocio\\\/#article\",\"isPartOf\":{\"@id\":\"https:\\\/\\\/www.abd.es\\\/2014\\\/06\\\/almacenamiento-orientado-las-necesidades-del-negocio\\\/\"},\"author\":{\"name\":\"Jes\u00fas Delgadillo\",\"@id\":\"https:\\\/\\\/www.abd.es\\\/#\\\/schema\\\/person\\\/b3b616d8e92d0149628720afee1988ab\"},\"headline\":\"FUJITSU, la mejor inversi\u00f3n en Almacenamiento\",\"datePublished\":\"2014-06-26T06:36:39+00:00\",\"dateModified\":\"2023-11-30T15:25:19+00:00\",\"mainEntityOfPage\":{\"@id\":\"https:\\\/\\\/www.abd.es\\\/2014\\\/06\\\/almacenamiento-orientado-las-necesidades-del-negocio\\\/\"},\"wordCount\":120,\"publisher\":{\"@id\":\"https:\\\/\\\/www.abd.es\\\/#organization\"},\"image\":{\"@id\":\"https:\\\/\\\/www.abd.es\\\/2014\\\/06\\\/almacenamiento-orientado-las-necesidades-del-negocio\\\/#primaryimage\"},\"thumbnailUrl\":\"https:\\\/\\\/www.abd.es\\\/wp-content\\\/uploads\\\/2014\\\/06\\\/imagesCABGWVAD.jpg\",\"keywords\":[\"Almacenamiento\",\"Granularidad en el crecimiento\"],\"articleSection\":[\"Actualidad ABD\"],\"inLanguage\":\"en-GB\"},{\"@type\":\"WebPage\",\"@id\":\"https:\\\/\\\/www.abd.es\\\/2014\\\/06\\\/almacenamiento-orientado-las-necesidades-del-negocio\\\/\",\"url\":\"https:\\\/\\\/www.abd.es\\\/2014\\\/06\\\/almacenamiento-orientado-las-necesidades-del-negocio\\\/\",\"name\":\"FUJITSU, la mejor inversi\u00f3n en Almacenamiento - ABD Consultora Inform\u00e1tica\",\"isPartOf\":{\"@id\":\"https:\\\/\\\/www.abd.es\\\/#website\"},\"primaryImageOfPage\":{\"@id\":\"https:\\\/\\\/www.abd.es\\\/2014\\\/06\\\/almacenamiento-orientado-las-necesidades-del-negocio\\\/#primaryimage\"},\"image\":{\"@id\":\"https:\\\/\\\/www.abd.es\\\/2014\\\/06\\\/almacenamiento-orientado-las-necesidades-del-negocio\\\/#primaryimage\"},\"thumbnailUrl\":\"https:\\\/\\\/www.abd.es\\\/wp-content\\\/uploads\\\/2014\\\/06\\\/imagesCABGWVAD.jpg\",\"datePublished\":\"2014-06-26T06:36:39+00:00\",\"dateModified\":\"2023-11-30T15:25:19+00:00\",\"breadcrumb\":{\"@id\":\"https:\\\/\\\/www.abd.es\\\/2014\\\/06\\\/almacenamiento-orientado-las-necesidades-del-negocio\\\/#breadcrumb\"},\"inLanguage\":\"en-GB\",\"potentialAction\":[{\"@type\":\"ReadAction\",\"target\":[\"https:\\\/\\\/www.abd.es\\\/2014\\\/06\\\/almacenamiento-orientado-las-necesidades-del-negocio\\\/\"]}]},{\"@type\":\"ImageObject\",\"inLanguage\":\"en-GB\",\"@id\":\"https:\\\/\\\/www.abd.es\\\/2014\\\/06\\\/almacenamiento-orientado-las-necesidades-del-negocio\\\/#primaryimage\",\"url\":\"https:\\\/\\\/www.abd.es\\\/wp-content\\\/uploads\\\/2014\\\/06\\\/imagesCABGWVAD.jpg\",\"contentUrl\":\"https:\\\/\\\/www.abd.es\\\/wp-content\\\/uploads\\\/2014\\\/06\\\/imagesCABGWVAD.jpg\",\"width\":259,\"height\":194},{\"@type\":\"BreadcrumbList\",\"@id\":\"https:\\\/\\\/www.abd.es\\\/2014\\\/06\\\/almacenamiento-orientado-las-necesidades-del-negocio\\\/#breadcrumb\",\"itemListElement\":[{\"@type\":\"ListItem\",\"position\":1,\"name\":\"Portada\",\"item\":\"https:\\\/\\\/www.abd.es\\\/\"},{\"@type\":\"ListItem\",\"position\":2,\"name\":\"FUJITSU, la mejor inversi\u00f3n en Almacenamiento\"}]},{\"@type\":\"WebSite\",\"@id\":\"https:\\\/\\\/www.abd.es\\\/#website\",\"url\":\"https:\\\/\\\/www.abd.es\\\/\",\"name\":\"ABD Consultora Inform\u00e1tica\",\"description\":\"Soluciones Empresariales | Microsoft Gold Partner\",\"publisher\":{\"@id\":\"https:\\\/\\\/www.abd.es\\\/#organization\"},\"potentialAction\":[{\"@type\":\"SearchAction\",\"target\":{\"@type\":\"EntryPoint\",\"urlTemplate\":\"https:\\\/\\\/www.abd.es\\\/?s={search_term_string}\"},\"query-input\":{\"@type\":\"PropertyValueSpecification\",\"valueRequired\":true,\"valueName\":\"search_term_string\"}}],\"inLanguage\":\"en-GB\"},{\"@type\":\"Organization\",\"@id\":\"https:\\\/\\\/www.abd.es\\\/#organization\",\"name\":\"ABD Consultora Inform\u00e1tica\",\"url\":\"https:\\\/\\\/www.abd.es\\\/\",\"logo\":{\"@type\":\"ImageObject\",\"inLanguage\":\"en-GB\",\"@id\":\"https:\\\/\\\/www.abd.es\\\/#\\\/schema\\\/logo\\\/image\\\/\",\"url\":\"https:\\\/\\\/www.abd.es\\\/wp-content\\\/uploads\\\/2023\\\/09\\\/cropped-consultoria-informatica-11.png\",\"contentUrl\":\"https:\\\/\\\/www.abd.es\\\/wp-content\\\/uploads\\\/2023\\\/09\\\/cropped-consultoria-informatica-11.png\",\"width\":64,\"height\":64,\"caption\":\"ABD Consultora Inform\u00e1tica\"},\"image\":{\"@id\":\"https:\\\/\\\/www.abd.es\\\/#\\\/schema\\\/logo\\\/image\\\/\"},\"sameAs\":[\"https:\\\/\\\/www.linkedin.com\\\/company\\\/abd-consultor-a-y-soluciones-inform-ticas\\\/\"]},{\"@type\":\"Person\",\"@id\":\"https:\\\/\\\/www.abd.es\\\/#\\\/schema\\\/person\\\/b3b616d8e92d0149628720afee1988ab\",\"name\":\"Jes\u00fas Delgadillo\",\"image\":{\"@type\":\"ImageObject\",\"inLanguage\":\"en-GB\",\"@id\":\"https:\\\/\\\/www.abd.es\\\/wp-content\\\/litespeed\\\/avatar\\\/30a0960904d1f2854adf7ff0b674d690.jpg?ver=1777403790\",\"url\":\"https:\\\/\\\/www.abd.es\\\/wp-content\\\/litespeed\\\/avatar\\\/30a0960904d1f2854adf7ff0b674d690.jpg?ver=1777403790\",\"contentUrl\":\"https:\\\/\\\/www.abd.es\\\/wp-content\\\/litespeed\\\/avatar\\\/30a0960904d1f2854adf7ff0b674d690.jpg?ver=1777403790\",\"caption\":\"Jes\u00fas Delgadillo\"},\"description\":\"Soy especialista en Desarrollo de Negocio y Transformaci\u00f3n Digital en ABD. Me enfoco en soluciones en la nube y ERP (Dynamics 365 Business Central), ayudando a empresas a maximizar su productividad y avanzar en su transformaci\u00f3n digital. Creo que el valor real de la tecnolog\u00eda reside en contar con un socio experto que ofrezca una visi\u00f3n integral y asesoramiento estrat\u00e9gico. Mi equipo y yo en ABD estamos aqu\u00ed para brindarte consultor\u00eda experta y soluciones adaptadas a tus necesidades. Con certificaciones en Microsoft Power Platform y seguridad de red, mi objetivo es proporcionarte el apoyo necesario para alcanzar el \u00e9xito en tus proyectos tecnol\u00f3gicos.\",\"sameAs\":[\"https:\\\/\\\/www.abd.es\\\/\",\"https:\\\/\\\/www.linkedin.com\\\/in\\\/jess-delgadillo-garca\",\"https:\\\/\\\/www.youtube.com\\\/channel\\\/UCtCKQNtjgwsN4FgURIF63WQ\"],\"url\":\"https:\\\/\\\/www.abd.es\\\/en\\\/author\\\/jdelgadillo\\\/\"}]}<\/script>\n<!-- \/ Yoast SEO plugin. -->","yoast_head_json":{"title":"FUJITSU, la mejor inversi\u00f3n en Almacenamiento - ABD Consultora Inform\u00e1tica","robots":{"index":"index","follow":"follow","max-snippet":"max-snippet:-1","max-image-preview":"max-image-preview:large","max-video-preview":"max-video-preview:-1"},"canonical":"https:\/\/www.abd.es\/en\/2014\/06\/almacenamiento-orientado-las-necesidades-del-negocio\/","og_locale":"en_GB","og_type":"article","og_title":"FUJITSU, la mejor inversi\u00f3n en Almacenamiento - ABD Consultora Inform\u00e1tica","og_description":"Almacenamiento orientado a las necesidades del negocio.","og_url":"https:\/\/www.abd.es\/en\/2014\/06\/almacenamiento-orientado-las-necesidades-del-negocio\/","og_site_name":"ABD Consultora Inform\u00e1tica","article_published_time":"2014-06-26T06:36:39+00:00","article_modified_time":"2023-11-30T15:25:19+00:00","og_image":[{"width":259,"height":194,"url":"https:\/\/www.abd.es\/wp-content\/uploads\/2014\/06\/imagesCABGWVAD.jpg","type":"image\/jpeg"}],"author":"Jes\u00fas Delgadillo","twitter_card":"summary_large_image","twitter_misc":{"Written by":"Jes\u00fas Delgadillo","Estimated reading time":"1 minute"},"schema":{"@context":"https:\/\/schema.org","@graph":[{"@type":"Article","@id":"https:\/\/www.abd.es\/2014\/06\/almacenamiento-orientado-las-necesidades-del-negocio\/#article","isPartOf":{"@id":"https:\/\/www.abd.es\/2014\/06\/almacenamiento-orientado-las-necesidades-del-negocio\/"},"author":{"name":"Jes\u00fas Delgadillo","@id":"https:\/\/www.abd.es\/#\/schema\/person\/b3b616d8e92d0149628720afee1988ab"},"headline":"FUJITSU, la mejor inversi\u00f3n en Almacenamiento","datePublished":"2014-06-26T06:36:39+00:00","dateModified":"2023-11-30T15:25:19+00:00","mainEntityOfPage":{"@id":"https:\/\/www.abd.es\/2014\/06\/almacenamiento-orientado-las-necesidades-del-negocio\/"},"wordCount":120,"publisher":{"@id":"https:\/\/www.abd.es\/#organization"},"image":{"@id":"https:\/\/www.abd.es\/2014\/06\/almacenamiento-orientado-las-necesidades-del-negocio\/#primaryimage"},"thumbnailUrl":"https:\/\/www.abd.es\/wp-content\/uploads\/2014\/06\/imagesCABGWVAD.jpg","keywords":["Almacenamiento","Granularidad en el crecimiento"],"articleSection":["Actualidad ABD"],"inLanguage":"en-GB"},{"@type":"WebPage","@id":"https:\/\/www.abd.es\/2014\/06\/almacenamiento-orientado-las-necesidades-del-negocio\/","url":"https:\/\/www.abd.es\/2014\/06\/almacenamiento-orientado-las-necesidades-del-negocio\/","name":"FUJITSU, la mejor inversi\u00f3n en Almacenamiento - ABD Consultora Inform\u00e1tica","isPartOf":{"@id":"https:\/\/www.abd.es\/#website"},"primaryImageOfPage":{"@id":"https:\/\/www.abd.es\/2014\/06\/almacenamiento-orientado-las-necesidades-del-negocio\/#primaryimage"},"image":{"@id":"https:\/\/www.abd.es\/2014\/06\/almacenamiento-orientado-las-necesidades-del-negocio\/#primaryimage"},"thumbnailUrl":"https:\/\/www.abd.es\/wp-content\/uploads\/2014\/06\/imagesCABGWVAD.jpg","datePublished":"2014-06-26T06:36:39+00:00","dateModified":"2023-11-30T15:25:19+00:00","breadcrumb":{"@id":"https:\/\/www.abd.es\/2014\/06\/almacenamiento-orientado-las-necesidades-del-negocio\/#breadcrumb"},"inLanguage":"en-GB","potentialAction":[{"@type":"ReadAction","target":["https:\/\/www.abd.es\/2014\/06\/almacenamiento-orientado-las-necesidades-del-negocio\/"]}]},{"@type":"ImageObject","inLanguage":"en-GB","@id":"https:\/\/www.abd.es\/2014\/06\/almacenamiento-orientado-las-necesidades-del-negocio\/#primaryimage","url":"https:\/\/www.abd.es\/wp-content\/uploads\/2014\/06\/imagesCABGWVAD.jpg","contentUrl":"https:\/\/www.abd.es\/wp-content\/uploads\/2014\/06\/imagesCABGWVAD.jpg","width":259,"height":194},{"@type":"BreadcrumbList","@id":"https:\/\/www.abd.es\/2014\/06\/almacenamiento-orientado-las-necesidades-del-negocio\/#breadcrumb","itemListElement":[{"@type":"ListItem","position":1,"name":"Portada","item":"https:\/\/www.abd.es\/"},{"@type":"ListItem","position":2,"name":"FUJITSU, la mejor inversi\u00f3n en Almacenamiento"}]},{"@type":"WebSite","@id":"https:\/\/www.abd.es\/#website","url":"https:\/\/www.abd.es\/","name":"ABD IT Consulting","description":"Business Solutions | Microsoft Gold Partner","publisher":{"@id":"https:\/\/www.abd.es\/#organization"},"potentialAction":[{"@type":"SearchAction","target":{"@type":"EntryPoint","urlTemplate":"https:\/\/www.abd.es\/?s={search_term_string}"},"query-input":{"@type":"PropertyValueSpecification","valueRequired":true,"valueName":"search_term_string"}}],"inLanguage":"en-GB"},{"@type":"Organization","@id":"https:\/\/www.abd.es\/#organization","name":"ABD IT Consulting","url":"https:\/\/www.abd.es\/","logo":{"@type":"ImageObject","inLanguage":"en-GB","@id":"https:\/\/www.abd.es\/#\/schema\/logo\/image\/","url":"https:\/\/www.abd.es\/wp-content\/uploads\/2023\/09\/cropped-consultoria-informatica-11.png","contentUrl":"https:\/\/www.abd.es\/wp-content\/uploads\/2023\/09\/cropped-consultoria-informatica-11.png","width":64,"height":64,"caption":"ABD Consultora Inform\u00e1tica"},"image":{"@id":"https:\/\/www.abd.es\/#\/schema\/logo\/image\/"},"sameAs":["https:\/\/www.linkedin.com\/company\/abd-consultor-a-y-soluciones-inform-ticas\/"]},{"@type":"Person","@id":"https:\/\/www.abd.es\/#\/schema\/person\/b3b616d8e92d0149628720afee1988ab","name":"Jes\u00fas Delgadillo","image":{"@type":"ImageObject","inLanguage":"en-GB","@id":"https:\/\/www.abd.es\/wp-content\/litespeed\/avatar\/30a0960904d1f2854adf7ff0b674d690.jpg?ver=1777403790","url":"https:\/\/www.abd.es\/wp-content\/litespeed\/avatar\/30a0960904d1f2854adf7ff0b674d690.jpg?ver=1777403790","contentUrl":"https:\/\/www.abd.es\/wp-content\/litespeed\/avatar\/30a0960904d1f2854adf7ff0b674d690.jpg?ver=1777403790","caption":"Jes\u00fas Delgadillo"},"description":"Soy especialista en Desarrollo de Negocio y Transformaci\u00f3n Digital en ABD. Me enfoco en soluciones en la nube y ERP (Dynamics 365 Business Central), ayudando a empresas a maximizar su productividad y avanzar en su transformaci\u00f3n digital. Creo que el valor real de la tecnolog\u00eda reside en contar con un socio experto que ofrezca una visi\u00f3n integral y asesoramiento estrat\u00e9gico. Mi equipo y yo en ABD estamos aqu\u00ed para brindarte consultor\u00eda experta y soluciones adaptadas a tus necesidades. Con certificaciones en Microsoft Power Platform y seguridad de red, mi objetivo es proporcionarte el apoyo necesario para alcanzar el \u00e9xito en tus proyectos tecnol\u00f3gicos.","sameAs":["https:\/\/www.abd.es\/","https:\/\/www.linkedin.com\/in\/jess-delgadillo-garca","https:\/\/www.youtube.com\/channel\/UCtCKQNtjgwsN4FgURIF63WQ"],"url":"https:\/\/www.abd.es\/en\/author\/jdelgadillo\/"}]}},"_links":{"self":[{"href":"https:\/\/www.abd.es\/en\/wp-json\/wp\/v2\/posts\/6735","targetHints":{"allow":["GET"]}}],"collection":[{"href":"https:\/\/www.abd.es\/en\/wp-json\/wp\/v2\/posts"}],"about":[{"href":"https:\/\/www.abd.es\/en\/wp-json\/wp\/v2\/types\/post"}],"author":[{"embeddable":true,"href":"https:\/\/www.abd.es\/en\/wp-json\/wp\/v2\/users\/18"}],"replies":[{"embeddable":true,"href":"https:\/\/www.abd.es\/en\/wp-json\/wp\/v2\/comments?post=6735"}],"version-history":[{"count":1,"href":"https:\/\/www.abd.es\/en\/wp-json\/wp\/v2\/posts\/6735\/revisions"}],"predecessor-version":[{"id":14514,"href":"https:\/\/www.abd.es\/en\/wp-json\/wp\/v2\/posts\/6735\/revisions\/14514"}],"wp:featuredmedia":[{"embeddable":true,"href":"https:\/\/www.abd.es\/en\/wp-json\/wp\/v2\/media\/6739"}],"wp:attachment":[{"href":"https:\/\/www.abd.es\/en\/wp-json\/wp\/v2\/media?parent=6735"}],"wp:term":[{"taxonomy":"category","embeddable":true,"href":"https:\/\/www.abd.es\/en\/wp-json\/wp\/v2\/categories?post=6735"},{"taxonomy":"post_tag","embeddable":true,"href":"https:\/\/www.abd.es\/en\/wp-json\/wp\/v2\/tags?post=6735"}],"curies":[{"name":"wp","href":"https:\/\/api.w.org\/{rel}","templated":true}]}}